{"id":914,"date":"2024-07-19T14:27:25","date_gmt":"2024-07-19T12:27:25","guid":{"rendered":"https:\/\/www.fuzeau.com\/blog\/?p=914"},"modified":"2025-12-04T11:20:59","modified_gmt":"2025-12-04T10:20:59","slug":"comment-les-activites-musicales-renforcent-elles-les-liens-intergenerationnels","status":"publish","type":"post","link":"https:\/\/www.fuzeau.com\/blog\/comment-les-activites-musicales-renforcent-elles-les-liens-intergenerationnels\/","title":{"rendered":"Comment les activit\u00e9s musicales renforcent-elles les liens interg\u00e9n\u00e9rationnels ?"},"content":{"rendered":"\t\t<div data-elementor-type=\"wp-post\" data-elementor-id=\"914\" class=\"elementor elementor-914\" data-elementor-post-type=\"post\">\n\t\t\t\t\t\t<section class=\"elementor-section elementor-top-section elementor-element elementor-element-5a43dd16 elementor-section-boxed elementor-section-height-default elementor-section-height-default\" data-id=\"5a43dd16\" data-element_type=\"section\">\n\t\t\t\t\t\t<div class=\"elementor-container elementor-column-gap-default\">\n\t\t\t\t\t<div class=\"elementor-column elementor-col-100 elementor-top-column elementor-element elementor-element-1ea0e876\" data-id=\"1ea0e876\" data-element_type=\"column\">\n\t\t\t<div class=\"elementor-widget-wrap elementor-element-populated\">\n\t\t\t\t\t\t<div class=\"elementor-element elementor-element-a8f709a elementor-widget elementor-widget-shortcode\" data-id=\"a8f709a\" data-element_type=\"widget\" data-widget_type=\"shortcode.default\">\n\t\t\t\t<div class=\"elementor-widget-container\">\n\t\t\t\t\t<div class=\"elementor-shortcode\"><span><span><a href=\"https:\/\/www.fuzeau.com\/blog\/\">Guide<\/a><\/span><\/span><\/div>\n\t\t\t\t<\/div>\n\t\t\t\t<\/div>\n\t\t\t\t<div class=\"elementor-element elementor-element-f11949f elementor-widget elementor-widget-text-editor\" data-id=\"f11949f\" data-element_type=\"widget\" data-widget_type=\"text-editor.default\">\n\t\t\t\t<div class=\"elementor-widget-container\">\n\t\t\t<style>\/*! elementor - v3.22.0 - 26-06-2024 *\/\n.elementor-widget-text-editor.elementor-drop-cap-view-stacked .elementor-drop-cap{background-color:#69727d;color:#fff}.elementor-widget-text-editor.elementor-drop-cap-view-framed .elementor-drop-cap{color:#69727d;border:3px solid;background-color:transparent}.elementor-widget-text-editor:not(.elementor-drop-cap-view-default) .elementor-drop-cap{margin-top:8px}.elementor-widget-text-editor:not(.elementor-drop-cap-view-default) .elementor-drop-cap-letter{width:1em;height:1em}.elementor-widget-text-editor .elementor-drop-cap{float:left;text-align:center;line-height:1;font-size:50px}.elementor-widget-text-editor .elementor-drop-cap-letter{display:inline-block}<\/style>\t\t\t\t<p>Assister \u00e0 des activit\u00e9s interg\u00e9n\u00e9rationnelles entre des r\u00e9sidents d&rsquo;un EHPAD et des enfants est une exp\u00e9rience profond\u00e9ment touchante.<br \/><br \/>Ces moments de partage apportent des bienfaits significatifs, tant pour les personnes \u00e2g\u00e9es que pour les jeunes participants.<br \/><br \/>Lorsqu\u2019il s\u2019agit d\u2019\u00e9changes au travers la musique, les activit\u00e9s interg\u00e9n\u00e9rationnelles combattent efficacement l&rsquo;isolement des a\u00een\u00e9s et enrichissent la vie quotidienne des r\u00e9sidents tout en renfor\u00e7ant la coh\u00e9sion sociale au sein de la communaut\u00e9.<\/p>\t\t\t\t\t\t<\/div>\n\t\t\t\t<\/div>\n\t\t\t\t<div class=\"elementor-element elementor-element-43e5159 elementor-widget elementor-widget-heading\" data-id=\"43e5159\" data-element_type=\"widget\" data-widget_type=\"heading.default\">\n\t\t\t\t<div class=\"elementor-widget-container\">\n\t\t\t<style>\/*! elementor - v3.22.0 - 26-06-2024 *\/\n.elementor-heading-title{padding:0;margin:0;line-height:1}.elementor-widget-heading .elementor-heading-title[class*=elementor-size-]>a{color:inherit;font-size:inherit;line-height:inherit}.elementor-widget-heading .elementor-heading-title.elementor-size-small{font-size:15px}.elementor-widget-heading .elementor-heading-title.elementor-size-medium{font-size:19px}.elementor-widget-heading .elementor-heading-title.elementor-size-large{font-size:29px}.elementor-widget-heading .elementor-heading-title.elementor-size-xl{font-size:39px}.elementor-widget-heading .elementor-heading-title.elementor-size-xxl{font-size:59px}<\/style><h2 class=\"elementor-heading-title elementor-size-default\">Apprendre l'empathie chez les enfants<\/h2>\t\t<\/div>\n\t\t\t\t<\/div>\n\t\t\t\t<div class=\"elementor-element elementor-element-118c957 elementor-widget__width-initial elementor-widget elementor-widget-text-editor\" data-id=\"118c957\" data-element_type=\"widget\" data-widget_type=\"text-editor.default\">\n\t\t\t\t<div class=\"elementor-widget-container\">\n\t\t\t\t\t\t\t<p>Pour les enfants, ces \u201crencontres musicales\u201d dans des structures d\u2019accueil sp\u00e9cialis\u00e9es sont une occasion d&rsquo;apprendre l&#8217;empathie et la tol\u00e9rance.<\/p><p>Lors de ces \u00e9v\u00e9nements, on assiste \u00e0 des \u00e9changes culturels et \u00e9motionnels uniques entre les g\u00e9n\u00e9rations.<\/p><p>Invit\u00e9s dans un EHPAD par M\u00e9lanie, animatrice de l\u2019\u00e9tablissement, nous avons pu t\u00e9moigner du respect mutuel entre les enfants d\u2019une \u00e9cole primaire et les s\u00e9niors, de l\u2019\u00e9coute et des interactions des deux c\u00f4t\u00e9s des \u00e2ges.<\/p><p>Ces \u00e9changes d\u00e9montrent, chez les s\u00e9niors, le plaisir de transmettre et la fiert\u00e9 de partager des savoirs.<\/p><p>Les voix des plus jeunes comme des plus \u00e2g\u00e9s, accompagn\u00e9es de rythmes, cr\u00e9ent un moment \u00e9tonnant, singulier, charg\u00e9 de sensations fortes, d\u2019affection \u00e9galement. C\u2019est du moins ce que nous avons ressenti.<br \/><br \/><\/p>\t\t\t\t\t\t<\/div>\n\t\t\t\t<\/div>\n\t\t\t\t<div class=\"elementor-element elementor-element-321afd2 elementor-widget elementor-widget-heading\" data-id=\"321afd2\" data-element_type=\"widget\" data-widget_type=\"heading.default\">\n\t\t\t\t<div class=\"elementor-widget-container\">\n\t\t\t<h2 class=\"elementor-heading-title elementor-size-default\">La valeur des rencontres interg\u00e9n\u00e9rationnelles<\/h2>\t\t<\/div>\n\t\t\t\t<\/div>\n\t\t\t\t<div class=\"elementor-element elementor-element-b88a8c6 elementor-widget elementor-widget-text-editor\" data-id=\"b88a8c6\" data-element_type=\"widget\" data-widget_type=\"text-editor.default\">\n\t\t\t\t<div class=\"elementor-widget-container\">\n\t\t\t\t\t\t\t<p>Cet \u00e9v\u00e9nement t\u00e9moigne de la valeur des rencontres interg\u00e9n\u00e9rationnelles dans la cr\u00e9ation de liens sociaux forts.<br \/><br \/>Nous remercions les participants pour leur contribution \u00e0 un rendez-vous enrichissant et nous sommes heureux de partager le retour de M\u00e9lanie (animatrice d\u2019EHPAD) :<\/p>\t\t\t\t\t\t<\/div>\n\t\t\t\t<\/div>\n\t\t\t\t<div class=\"elementor-element elementor-element-0dde99a elementor-widget elementor-widget-image\" data-id=\"0dde99a\" data-element_type=\"widget\" data-widget_type=\"image.default\">\n\t\t\t\t<div class=\"elementor-widget-container\">\n\t\t\t<style>\/*! elementor - v3.22.0 - 26-06-2024 *\/\n.elementor-widget-image{text-align:center}.elementor-widget-image a{display:inline-block}.elementor-widget-image a img[src$=\".svg\"]{width:48px}.elementor-widget-image img{vertical-align:middle;display:inline-block}<\/style>\t\t\t\t\t\t\t\t\t\t<img fetchpriority=\"high\" decoding=\"async\" width=\"750\" height=\"563\" src=\"https:\/\/www.fuzeau.com\/blog\/wp-content\/uploads\/2024\/07\/IMG_9968-1024x768.jpg\" class=\"attachment-large size-large wp-image-2444\" alt=\"Liens interg\u00e9n\u00e9rationnels en EHPAD\" srcset=\"https:\/\/www.fuzeau.com\/blog\/wp-content\/uploads\/2024\/07\/IMG_9968-1024x768.jpg 1024w, https:\/\/www.fuzeau.com\/blog\/wp-content\/uploads\/2024\/07\/IMG_9968-300x225.jpg 300w, https:\/\/www.fuzeau.com\/blog\/wp-content\/uploads\/2024\/07\/IMG_9968-768x576.jpg 768w, https:\/\/www.fuzeau.com\/blog\/wp-content\/uploads\/2024\/07\/IMG_9968-1536x1152.jpg 1536w, https:\/\/www.fuzeau.com\/blog\/wp-content\/uploads\/2024\/07\/IMG_9968-2048x1536.jpg 2048w, https:\/\/www.fuzeau.com\/blog\/wp-content\/uploads\/2024\/07\/IMG_9968-1568x1176.jpg 1568w\" sizes=\"(max-width: 750px) 100vw, 750px\" style=\"width:100%;height:75%;max-width:2560px\" \/>\t\t\t\t\t\t\t\t\t\t\t\t\t<\/div>\n\t\t\t\t<\/div>\n\t\t\t\t<div class=\"elementor-element elementor-element-516ed1c elementor-widget elementor-widget-heading\" data-id=\"516ed1c\" data-element_type=\"widget\" data-widget_type=\"heading.default\">\n\t\t\t\t<div class=\"elementor-widget-container\">\n\t\t\t<h3 class=\"elementor-heading-title elementor-size-default\">Avis d'expert : M\u00e9lanie \u200b<\/h3>\t\t<\/div>\n\t\t\t\t<\/div>\n\t\t\t\t<div class=\"elementor-element elementor-element-e24a4b8 elementor-widget elementor-widget-testimonial\" data-id=\"e24a4b8\" data-element_type=\"widget\" data-widget_type=\"testimonial.default\">\n\t\t\t\t<div class=\"elementor-widget-container\">\n\t\t\t<style>\/*! elementor - v3.22.0 - 26-06-2024 *\/\n.elementor-testimonial-wrapper{overflow:hidden;text-align:center}.elementor-testimonial-wrapper .elementor-testimonial-content{font-size:1.3em;margin-bottom:20px}.elementor-testimonial-wrapper .elementor-testimonial-name{line-height:1.5;display:block}.elementor-testimonial-wrapper .elementor-testimonial-job{font-size:.85em;display:block}.elementor-testimonial-wrapper .elementor-testimonial-meta{width:100%;line-height:1}.elementor-testimonial-wrapper .elementor-testimonial-meta-inner{display:inline-block}.elementor-testimonial-wrapper .elementor-testimonial-meta .elementor-testimonial-details,.elementor-testimonial-wrapper .elementor-testimonial-meta .elementor-testimonial-image{display:table-cell;vertical-align:middle}.elementor-testimonial-wrapper .elementor-testimonial-meta .elementor-testimonial-image img{width:60px;height:60px;border-radius:50%;-o-object-fit:cover;object-fit:cover;max-width:none}.elementor-testimonial-wrapper .elementor-testimonial-meta.elementor-testimonial-image-position-aside .elementor-testimonial-image{padding-inline-end:15px}.elementor-testimonial-wrapper .elementor-testimonial-meta.elementor-testimonial-image-position-aside .elementor-testimonial-details{text-align:start}.elementor-testimonial-wrapper .elementor-testimonial-meta.elementor-testimonial-image-position-top .elementor-testimonial-details,.elementor-testimonial-wrapper .elementor-testimonial-meta.elementor-testimonial-image-position-top .elementor-testimonial-image{display:block}.elementor-testimonial-wrapper .elementor-testimonial-meta.elementor-testimonial-image-position-top .elementor-testimonial-image{margin-bottom:20px}<\/style>\t\t<div class=\"elementor-testimonial-wrapper\">\n\t\t\t\t\t\t\t<div class=\"elementor-testimonial-content\">\u00ab Les projets interg\u00e9n\u00e9rationnels sont importants pour les r\u00e9sidents dans la transmission de leurs savoirs, leur histoire et stimuler les capacit\u00e9s physiques et cognitives.\nLes instruments apport\u00e9s par Jean-Pierre lors de cette journ\u00e9e ont permis de partager un moment musical en plus des chants connus par tous. Chacun (enfants et r\u00e9sidents) ont pu s\u2019approprier les instruments et jouer ensemble : une vraie \u00e9quipe musicale improvis\u00e9e avec un spectacle r\u00e9ussi.\nCe que je retiendrai de cette journ\u00e9e, ce sont les sourires et des souvenirs partag\u00e9s par les enfants et les r\u00e9sidents qui resteront dans la m\u00e9moire de chacun. \n<\/div>\n\t\t\t\n\t\t\t\t\t\t<div class=\"elementor-testimonial-meta elementor-has-image elementor-testimonial-image-position-aside\">\n\t\t\t\t<div class=\"elementor-testimonial-meta-inner\">\n\t\t\t\t\t\t\t\t\t\t\t<div class=\"elementor-testimonial-image\">\n\t\t\t\t\t\t\t<img decoding=\"async\" width=\"150\" height=\"150\" src=\"https:\/\/www.fuzeau.com\/blog\/wp-content\/uploads\/2024\/07\/A-web-9-150x150.jpg\" class=\"attachment-thumbnail size-thumbnail wp-image-918\" alt=\"\" style=\"width:100%;height:66.48%;max-width:910px\" \/>\t\t\t\t\t\t<\/div>\n\t\t\t\t\t\n\t\t\t\t\t\t\t\t\t\t<div class=\"elementor-testimonial-details\">\n\t\t\t\t\t\t\t\t\t\t\t\t\t\t<div class=\"elementor-testimonial-name\">M\u00e9lanie<\/div>\n\t\t\t\t\t\t\t\t\t\t\t\t\t\t\t\t\t\t\t\t\t\t<div class=\"elementor-testimonial-job\">Animatrice d'EHPAD<\/div>\n\t\t\t\t\t\t\t\t\t\t\t\t\t<\/div>\n\t\t\t\t\t\t\t\t\t<\/div>\n\t\t\t<\/div>\n\t\t\t\t\t<\/div>\n\t\t\t\t<\/div>\n\t\t\t\t<\/div>\n\t\t\t\t<div class=\"elementor-element elementor-element-0872046 elementor-widget elementor-widget-heading\" data-id=\"0872046\" data-element_type=\"widget\" data-widget_type=\"heading.default\">\n\t\t\t\t<div class=\"elementor-widget-container\">\n\t\t\t<h2 class=\"elementor-heading-title elementor-size-default\">Conclusion<\/h2>\t\t<\/div>\n\t\t\t\t<\/div>\n\t\t\t\t<div class=\"elementor-element elementor-element-6d4c9c2 elementor-widget elementor-widget-text-editor\" data-id=\"6d4c9c2\" data-element_type=\"widget\" data-widget_type=\"text-editor.default\">\n\t\t\t\t<div class=\"elementor-widget-container\">\n\t\t\t\t\t\t\t<p>Les activit\u00e9s musicales interg\u00e9n\u00e9rationnelles sont une source de bienfaits inestimables pour les personnes \u00e2g\u00e9es et les enfants. Elles permettent de combattre l&rsquo;isolement des a\u00een\u00e9s, de renforcer la coh\u00e9sion sociale, et d\u2019apprendre, aux s\u00e9niors comme aux enfants, les valeurs essentielles que sont l&#8217;empathie et la tol\u00e9rance.<br \/><br \/>Comme nous avons pu le constater \u00e0 travers le t\u00e9moignage de M\u00e9lanie, ces moments de partage sont charg\u00e9s d&rsquo;\u00e9motions, de passion et cr\u00e9ent des liens sociaux forts entre les participants.<br \/><br \/>Nous vous encourageons \u00e0 vous engager dans des projets interg\u00e9n\u00e9rationnels similaires dans votre communaut\u00e9 pour cr\u00e9er une soci\u00e9t\u00e9 plus inclusive et solidaire, o\u00f9 chaque g\u00e9n\u00e9ration a sa place et peut apporter sa contribution.<br \/><br \/>Mais peut-\u00eatre l\u2019avez-vous d\u00e9j\u00e0 fait. N\u2019h\u00e9sitez pas \u00e0 nous donner vos remarques et exp\u00e9riences en commentaire.<br \/><br \/>On a tant \u00e0 partager !<\/p>\t\t\t\t\t\t<\/div>\n\t\t\t\t<\/div>\n\t\t\t\t\t<\/div>\n\t\t<\/div>\n\t\t\t\t\t<\/div>\n\t\t<\/section>\n\t\t\t\t<\/div>\n\t\t","protected":false},"excerpt":{"rendered":"<p>Assister \u00e0 des activit\u00e9s interg\u00e9n\u00e9rationnelles entre des r\u00e9sidents d&rsquo;un EHPAD et des enfants est une exp\u00e9rience profond\u00e9ment touchante. Ces moments de partage apportent des bienfaits significatifs, tant pour les personnes \u00e2g\u00e9es que pour les jeunes participants. Lorsqu\u2019il s\u2019agit d\u2019\u00e9changes au travers la musique, les activit\u00e9s interg\u00e9n\u00e9rationnelles combattent efficacement l&rsquo;isolement des a\u00een\u00e9s et enrichissent la vie&hellip; <a class=\"more-link\" href=\"https:\/\/www.fuzeau.com\/blog\/comment-les-activites-musicales-renforcent-elles-les-liens-intergenerationnels\/\">Poursuivre la lecture <span class=\"screen-reader-text\">Comment les activit\u00e9s musicales renforcent-elles les liens interg\u00e9n\u00e9rationnels ?<\/span><\/a><\/p>\n","protected":false},"author":1,"featured_media":916,"comment_status":"open","ping_status":"open","sticky":false,"template":"","format":"standard","meta":{"footnotes":""},"categories":[11],"tags":[58,59,20,15,28],"class_list":["post-914","post","type-post","status-publish","format-standard","has-post-thumbnail","hentry","category-seniors","tag-activites","tag-intergenerationnel","tag-musique","tag-niveau-1","tag-seniors","entry"],"yoast_head":"<!-- This site is optimized with the Yoast SEO plugin v24.4 - https:\/\/yoast.com\/wordpress\/plugins\/seo\/ -->\n<title>Comment les activit\u00e9s musicales renforcent-elles les liens interg\u00e9n\u00e9rationnels ? - Fuzeau - blog<\/title>\n<meta name=\"robots\" content=\"index, follow, max-snippet:-1, max-image-preview:large, max-video-preview:-1\" \/>\n<link rel=\"canonical\" href=\"https:\/\/www.fuzeau.com\/blog\/comment-les-activites-musicales-renforcent-elles-les-liens-intergenerationnels\/\" \/>\n<meta property=\"og:locale\" content=\"fr_FR\" \/>\n<meta property=\"og:type\" content=\"article\" \/>\n<meta property=\"og:title\" content=\"Comment les activit\u00e9s musicales renforcent-elles les liens interg\u00e9n\u00e9rationnels ? - Fuzeau - blog\" \/>\n<meta property=\"og:description\" content=\"Assister \u00e0 des activit\u00e9s interg\u00e9n\u00e9rationnelles entre des r\u00e9sidents d&rsquo;un EHPAD et des enfants est une exp\u00e9rience profond\u00e9ment touchante. Ces moments de partage apportent des bienfaits significatifs, tant pour les personnes \u00e2g\u00e9es que pour les jeunes participants. Lorsqu\u2019il s\u2019agit d\u2019\u00e9changes au travers la musique, les activit\u00e9s interg\u00e9n\u00e9rationnelles combattent efficacement l&rsquo;isolement des a\u00een\u00e9s et enrichissent la vie&hellip; Poursuivre la lecture Comment les activit\u00e9s musicales renforcent-elles les liens interg\u00e9n\u00e9rationnels ?\" \/>\n<meta property=\"og:url\" content=\"https:\/\/www.fuzeau.com\/blog\/comment-les-activites-musicales-renforcent-elles-les-liens-intergenerationnels\/\" \/>\n<meta property=\"og:site_name\" content=\"Fuzeau - blog\" \/>\n<meta property=\"article:published_time\" content=\"2024-07-19T12:27:25+00:00\" \/>\n<meta property=\"article:modified_time\" content=\"2025-12-04T10:20:59+00:00\" \/>\n<meta property=\"og:image\" content=\"https:\/\/www.fuzeau.com\/blog\/wp-content\/uploads\/2024\/07\/Comment-les-activites-musicales-renforcent-elles-les-liens-intergeneratinnels.png\" \/>\n\t<meta property=\"og:image:width\" content=\"500\" \/>\n\t<meta property=\"og:image:height\" content=\"500\" \/>\n\t<meta property=\"og:image:type\" content=\"image\/png\" \/>\n<meta name=\"author\" content=\"superadmin\" \/>\n<meta name=\"twitter:card\" content=\"summary_large_image\" \/>\n<meta name=\"twitter:label1\" content=\"\u00c9crit par\" \/>\n\t<meta name=\"twitter:data1\" content=\"superadmin\" \/>\n\t<meta name=\"twitter:label2\" content=\"Dur\u00e9e de lecture estim\u00e9e\" \/>\n\t<meta name=\"twitter:data2\" content=\"3 minutes\" \/>\n<script type=\"application\/ld+json\" class=\"yoast-schema-graph\">{\"@context\":\"https:\/\/schema.org\",\"@graph\":[{\"@type\":\"Article\",\"@id\":\"https:\/\/www.fuzeau.com\/blog\/comment-les-activites-musicales-renforcent-elles-les-liens-intergenerationnels\/#article\",\"isPartOf\":{\"@id\":\"https:\/\/www.fuzeau.com\/blog\/comment-les-activites-musicales-renforcent-elles-les-liens-intergenerationnels\/\"},\"author\":{\"name\":\"superadmin\",\"@id\":\"https:\/\/www.fuzeau.com\/blog\/#\/schema\/person\/7c0e77419f010bbd67f69c9c4b751992\"},\"headline\":\"Comment les activit\u00e9s musicales renforcent-elles les liens interg\u00e9n\u00e9rationnels ?\",\"datePublished\":\"2024-07-19T12:27:25+00:00\",\"dateModified\":\"2025-12-04T10:20:59+00:00\",\"mainEntityOfPage\":{\"@id\":\"https:\/\/www.fuzeau.com\/blog\/comment-les-activites-musicales-renforcent-elles-les-liens-intergenerationnels\/\"},\"wordCount\":575,\"commentCount\":0,\"publisher\":{\"@id\":\"https:\/\/www.fuzeau.com\/blog\/#organization\"},\"image\":{\"@id\":\"https:\/\/www.fuzeau.com\/blog\/comment-les-activites-musicales-renforcent-elles-les-liens-intergenerationnels\/#primaryimage\"},\"thumbnailUrl\":\"https:\/\/www.fuzeau.com\/blog\/wp-content\/uploads\/2024\/07\/Comment-les-activites-musicales-renforcent-elles-les-liens-intergeneratinnels.png\",\"keywords\":[\"Activit\u00e9s\",\"Interg\u00e9n\u00e9rationnel\",\"MUSIQUE\",\"Niveau 1\",\"S\u00e9niors\"],\"articleSection\":[\"S\u00e9niors\"],\"inLanguage\":\"fr-FR\",\"potentialAction\":[{\"@type\":\"CommentAction\",\"name\":\"Comment\",\"target\":[\"https:\/\/www.fuzeau.com\/blog\/comment-les-activites-musicales-renforcent-elles-les-liens-intergenerationnels\/#respond\"]}]},{\"@type\":\"WebPage\",\"@id\":\"https:\/\/www.fuzeau.com\/blog\/comment-les-activites-musicales-renforcent-elles-les-liens-intergenerationnels\/\",\"url\":\"https:\/\/www.fuzeau.com\/blog\/comment-les-activites-musicales-renforcent-elles-les-liens-intergenerationnels\/\",\"name\":\"Comment les activit\u00e9s musicales renforcent-elles les liens interg\u00e9n\u00e9rationnels ? - Fuzeau - blog\",\"isPartOf\":{\"@id\":\"https:\/\/www.fuzeau.com\/blog\/#website\"},\"primaryImageOfPage\":{\"@id\":\"https:\/\/www.fuzeau.com\/blog\/comment-les-activites-musicales-renforcent-elles-les-liens-intergenerationnels\/#primaryimage\"},\"image\":{\"@id\":\"https:\/\/www.fuzeau.com\/blog\/comment-les-activites-musicales-renforcent-elles-les-liens-intergenerationnels\/#primaryimage\"},\"thumbnailUrl\":\"https:\/\/www.fuzeau.com\/blog\/wp-content\/uploads\/2024\/07\/Comment-les-activites-musicales-renforcent-elles-les-liens-intergeneratinnels.png\",\"datePublished\":\"2024-07-19T12:27:25+00:00\",\"dateModified\":\"2025-12-04T10:20:59+00:00\",\"breadcrumb\":{\"@id\":\"https:\/\/www.fuzeau.com\/blog\/comment-les-activites-musicales-renforcent-elles-les-liens-intergenerationnels\/#breadcrumb\"},\"inLanguage\":\"fr-FR\",\"potentialAction\":[{\"@type\":\"ReadAction\",\"target\":[\"https:\/\/www.fuzeau.com\/blog\/comment-les-activites-musicales-renforcent-elles-les-liens-intergenerationnels\/\"]}]},{\"@type\":\"ImageObject\",\"inLanguage\":\"fr-FR\",\"@id\":\"https:\/\/www.fuzeau.com\/blog\/comment-les-activites-musicales-renforcent-elles-les-liens-intergenerationnels\/#primaryimage\",\"url\":\"https:\/\/www.fuzeau.com\/blog\/wp-content\/uploads\/2024\/07\/Comment-les-activites-musicales-renforcent-elles-les-liens-intergeneratinnels.png\",\"contentUrl\":\"https:\/\/www.fuzeau.com\/blog\/wp-content\/uploads\/2024\/07\/Comment-les-activites-musicales-renforcent-elles-les-liens-intergeneratinnels.png\",\"width\":500,\"height\":500,\"caption\":\"Comment les activit\u00e9s musicales renforcent-elles les liens interg\u00e9n\u00e9rationnels ?\"},{\"@type\":\"BreadcrumbList\",\"@id\":\"https:\/\/www.fuzeau.com\/blog\/comment-les-activites-musicales-renforcent-elles-les-liens-intergenerationnels\/#breadcrumb\",\"itemListElement\":[{\"@type\":\"ListItem\",\"position\":1,\"name\":\"Guide\",\"item\":\"https:\/\/www.fuzeau.com\/blog\/\"},{\"@type\":\"ListItem\",\"position\":2,\"name\":\"S\u00e9niors\",\"item\":\"https:\/\/www.fuzeau.com\/blog\/category\/seniors\/\"},{\"@type\":\"ListItem\",\"position\":3,\"name\":\"Comment les activit\u00e9s musicales renforcent-elles les liens interg\u00e9n\u00e9rationnels ?\"}]},{\"@type\":\"WebSite\",\"@id\":\"https:\/\/www.fuzeau.com\/blog\/#website\",\"url\":\"https:\/\/www.fuzeau.com\/blog\/\",\"name\":\"Fuzeau - blog\",\"description\":\"Le blog de l&#039;\u00e9veil musical | Fuzeau\",\"publisher\":{\"@id\":\"https:\/\/www.fuzeau.com\/blog\/#organization\"},\"potentialAction\":[{\"@type\":\"SearchAction\",\"target\":{\"@type\":\"EntryPoint\",\"urlTemplate\":\"https:\/\/www.fuzeau.com\/blog\/?s={search_term_string}\"},\"query-input\":{\"@type\":\"PropertyValueSpecification\",\"valueRequired\":true,\"valueName\":\"search_term_string\"}}],\"inLanguage\":\"fr-FR\"},{\"@type\":\"Organization\",\"@id\":\"https:\/\/www.fuzeau.com\/blog\/#organization\",\"name\":\"Fuzeau - blog\",\"url\":\"https:\/\/www.fuzeau.com\/blog\/\",\"logo\":{\"@type\":\"ImageObject\",\"inLanguage\":\"fr-FR\",\"@id\":\"https:\/\/www.fuzeau.com\/blog\/#\/schema\/logo\/image\/\",\"url\":\"https:\/\/www.fuzeau.com\/blog\/wp-content\/uploads\/2023\/10\/logo-fuzeau.png\",\"contentUrl\":\"https:\/\/www.fuzeau.com\/blog\/wp-content\/uploads\/2023\/10\/logo-fuzeau.png\",\"width\":300,\"height\":123,\"caption\":\"Fuzeau - blog\"},\"image\":{\"@id\":\"https:\/\/www.fuzeau.com\/blog\/#\/schema\/logo\/image\/\"}},{\"@type\":\"Person\",\"@id\":\"https:\/\/www.fuzeau.com\/blog\/#\/schema\/person\/7c0e77419f010bbd67f69c9c4b751992\",\"name\":\"superadmin\",\"image\":{\"@type\":\"ImageObject\",\"inLanguage\":\"fr-FR\",\"@id\":\"https:\/\/www.fuzeau.com\/blog\/#\/schema\/person\/image\/\",\"url\":\"https:\/\/secure.gravatar.com\/avatar\/48d8823e7de72996ed89e22a7cbe18c6?s=96&d=mm&r=g\",\"contentUrl\":\"https:\/\/secure.gravatar.com\/avatar\/48d8823e7de72996ed89e22a7cbe18c6?s=96&d=mm&r=g\",\"caption\":\"superadmin\"},\"sameAs\":[\"https:\/\/blog.fuzeau.com\"],\"url\":\"https:\/\/www.fuzeau.com\/blog\/author\/superadmin\/\"}]}<\/script>\n<!-- \/ Yoast SEO plugin. -->","yoast_head_json":{"title":"Comment les activit\u00e9s musicales renforcent-elles les liens interg\u00e9n\u00e9rationnels ? - Fuzeau - blog","robots":{"index":"index","follow":"follow","max-snippet":"max-snippet:-1","max-image-preview":"max-image-preview:large","max-video-preview":"max-video-preview:-1"},"canonical":"https:\/\/www.fuzeau.com\/blog\/comment-les-activites-musicales-renforcent-elles-les-liens-intergenerationnels\/","og_locale":"fr_FR","og_type":"article","og_title":"Comment les activit\u00e9s musicales renforcent-elles les liens interg\u00e9n\u00e9rationnels ? - Fuzeau - blog","og_description":"Assister \u00e0 des activit\u00e9s interg\u00e9n\u00e9rationnelles entre des r\u00e9sidents d&rsquo;un EHPAD et des enfants est une exp\u00e9rience profond\u00e9ment touchante. Ces moments de partage apportent des bienfaits significatifs, tant pour les personnes \u00e2g\u00e9es que pour les jeunes participants. Lorsqu\u2019il s\u2019agit d\u2019\u00e9changes au travers la musique, les activit\u00e9s interg\u00e9n\u00e9rationnelles combattent efficacement l&rsquo;isolement des a\u00een\u00e9s et enrichissent la vie&hellip; Poursuivre la lecture Comment les activit\u00e9s musicales renforcent-elles les liens interg\u00e9n\u00e9rationnels ?","og_url":"https:\/\/www.fuzeau.com\/blog\/comment-les-activites-musicales-renforcent-elles-les-liens-intergenerationnels\/","og_site_name":"Fuzeau - blog","article_published_time":"2024-07-19T12:27:25+00:00","article_modified_time":"2025-12-04T10:20:59+00:00","og_image":[{"width":500,"height":500,"url":"https:\/\/www.fuzeau.com\/blog\/wp-content\/uploads\/2024\/07\/Comment-les-activites-musicales-renforcent-elles-les-liens-intergeneratinnels.png","type":"image\/png"}],"author":"superadmin","twitter_card":"summary_large_image","twitter_misc":{"\u00c9crit par":"superadmin","Dur\u00e9e de lecture estim\u00e9e":"3 minutes"},"schema":{"@context":"https:\/\/schema.org","@graph":[{"@type":"Article","@id":"https:\/\/www.fuzeau.com\/blog\/comment-les-activites-musicales-renforcent-elles-les-liens-intergenerationnels\/#article","isPartOf":{"@id":"https:\/\/www.fuzeau.com\/blog\/comment-les-activites-musicales-renforcent-elles-les-liens-intergenerationnels\/"},"author":{"name":"superadmin","@id":"https:\/\/www.fuzeau.com\/blog\/#\/schema\/person\/7c0e77419f010bbd67f69c9c4b751992"},"headline":"Comment les activit\u00e9s musicales renforcent-elles les liens interg\u00e9n\u00e9rationnels ?","datePublished":"2024-07-19T12:27:25+00:00","dateModified":"2025-12-04T10:20:59+00:00","mainEntityOfPage":{"@id":"https:\/\/www.fuzeau.com\/blog\/comment-les-activites-musicales-renforcent-elles-les-liens-intergenerationnels\/"},"wordCount":575,"commentCount":0,"publisher":{"@id":"https:\/\/www.fuzeau.com\/blog\/#organization"},"image":{"@id":"https:\/\/www.fuzeau.com\/blog\/comment-les-activites-musicales-renforcent-elles-les-liens-intergenerationnels\/#primaryimage"},"thumbnailUrl":"https:\/\/www.fuzeau.com\/blog\/wp-content\/uploads\/2024\/07\/Comment-les-activites-musicales-renforcent-elles-les-liens-intergeneratinnels.png","keywords":["Activit\u00e9s","Interg\u00e9n\u00e9rationnel","MUSIQUE","Niveau 1","S\u00e9niors"],"articleSection":["S\u00e9niors"],"inLanguage":"fr-FR","potentialAction":[{"@type":"CommentAction","name":"Comment","target":["https:\/\/www.fuzeau.com\/blog\/comment-les-activites-musicales-renforcent-elles-les-liens-intergenerationnels\/#respond"]}]},{"@type":"WebPage","@id":"https:\/\/www.fuzeau.com\/blog\/comment-les-activites-musicales-renforcent-elles-les-liens-intergenerationnels\/","url":"https:\/\/www.fuzeau.com\/blog\/comment-les-activites-musicales-renforcent-elles-les-liens-intergenerationnels\/","name":"Comment les activit\u00e9s musicales renforcent-elles les liens interg\u00e9n\u00e9rationnels ? - Fuzeau - blog","isPartOf":{"@id":"https:\/\/www.fuzeau.com\/blog\/#website"},"primaryImageOfPage":{"@id":"https:\/\/www.fuzeau.com\/blog\/comment-les-activites-musicales-renforcent-elles-les-liens-intergenerationnels\/#primaryimage"},"image":{"@id":"https:\/\/www.fuzeau.com\/blog\/comment-les-activites-musicales-renforcent-elles-les-liens-intergenerationnels\/#primaryimage"},"thumbnailUrl":"https:\/\/www.fuzeau.com\/blog\/wp-content\/uploads\/2024\/07\/Comment-les-activites-musicales-renforcent-elles-les-liens-intergeneratinnels.png","datePublished":"2024-07-19T12:27:25+00:00","dateModified":"2025-12-04T10:20:59+00:00","breadcrumb":{"@id":"https:\/\/www.fuzeau.com\/blog\/comment-les-activites-musicales-renforcent-elles-les-liens-intergenerationnels\/#breadcrumb"},"inLanguage":"fr-FR","potentialAction":[{"@type":"ReadAction","target":["https:\/\/www.fuzeau.com\/blog\/comment-les-activites-musicales-renforcent-elles-les-liens-intergenerationnels\/"]}]},{"@type":"ImageObject","inLanguage":"fr-FR","@id":"https:\/\/www.fuzeau.com\/blog\/comment-les-activites-musicales-renforcent-elles-les-liens-intergenerationnels\/#primaryimage","url":"https:\/\/www.fuzeau.com\/blog\/wp-content\/uploads\/2024\/07\/Comment-les-activites-musicales-renforcent-elles-les-liens-intergeneratinnels.png","contentUrl":"https:\/\/www.fuzeau.com\/blog\/wp-content\/uploads\/2024\/07\/Comment-les-activites-musicales-renforcent-elles-les-liens-intergeneratinnels.png","width":500,"height":500,"caption":"Comment les activit\u00e9s musicales renforcent-elles les liens interg\u00e9n\u00e9rationnels ?"},{"@type":"BreadcrumbList","@id":"https:\/\/www.fuzeau.com\/blog\/comment-les-activites-musicales-renforcent-elles-les-liens-intergenerationnels\/#breadcrumb","itemListElement":[{"@type":"ListItem","position":1,"name":"Guide","item":"https:\/\/www.fuzeau.com\/blog\/"},{"@type":"ListItem","position":2,"name":"S\u00e9niors","item":"https:\/\/www.fuzeau.com\/blog\/category\/seniors\/"},{"@type":"ListItem","position":3,"name":"Comment les activit\u00e9s musicales renforcent-elles les liens interg\u00e9n\u00e9rationnels ?"}]},{"@type":"WebSite","@id":"https:\/\/www.fuzeau.com\/blog\/#website","url":"https:\/\/www.fuzeau.com\/blog\/","name":"Fuzeau - blog","description":"Le blog de l&#039;\u00e9veil musical | Fuzeau","publisher":{"@id":"https:\/\/www.fuzeau.com\/blog\/#organization"},"potentialAction":[{"@type":"SearchAction","target":{"@type":"EntryPoint","urlTemplate":"https:\/\/www.fuzeau.com\/blog\/?s={search_term_string}"},"query-input":{"@type":"PropertyValueSpecification","valueRequired":true,"valueName":"search_term_string"}}],"inLanguage":"fr-FR"},{"@type":"Organization","@id":"https:\/\/www.fuzeau.com\/blog\/#organization","name":"Fuzeau - blog","url":"https:\/\/www.fuzeau.com\/blog\/","logo":{"@type":"ImageObject","inLanguage":"fr-FR","@id":"https:\/\/www.fuzeau.com\/blog\/#\/schema\/logo\/image\/","url":"https:\/\/www.fuzeau.com\/blog\/wp-content\/uploads\/2023\/10\/logo-fuzeau.png","contentUrl":"https:\/\/www.fuzeau.com\/blog\/wp-content\/uploads\/2023\/10\/logo-fuzeau.png","width":300,"height":123,"caption":"Fuzeau - blog"},"image":{"@id":"https:\/\/www.fuzeau.com\/blog\/#\/schema\/logo\/image\/"}},{"@type":"Person","@id":"https:\/\/www.fuzeau.com\/blog\/#\/schema\/person\/7c0e77419f010bbd67f69c9c4b751992","name":"superadmin","image":{"@type":"ImageObject","inLanguage":"fr-FR","@id":"https:\/\/www.fuzeau.com\/blog\/#\/schema\/person\/image\/","url":"https:\/\/secure.gravatar.com\/avatar\/48d8823e7de72996ed89e22a7cbe18c6?s=96&d=mm&r=g","contentUrl":"https:\/\/secure.gravatar.com\/avatar\/48d8823e7de72996ed89e22a7cbe18c6?s=96&d=mm&r=g","caption":"superadmin"},"sameAs":["https:\/\/blog.fuzeau.com"],"url":"https:\/\/www.fuzeau.com\/blog\/author\/superadmin\/"}]}},"_links":{"self":[{"href":"https:\/\/www.fuzeau.com\/blog\/wp-json\/wp\/v2\/posts\/914","targetHints":{"allow":["GET"]}}],"collection":[{"href":"https:\/\/www.fuzeau.com\/blog\/wp-json\/wp\/v2\/posts"}],"about":[{"href":"https:\/\/www.fuzeau.com\/blog\/wp-json\/wp\/v2\/types\/post"}],"author":[{"embeddable":true,"href":"https:\/\/www.fuzeau.com\/blog\/wp-json\/wp\/v2\/users\/1"}],"replies":[{"embeddable":true,"href":"https:\/\/www.fuzeau.com\/blog\/wp-json\/wp\/v2\/comments?post=914"}],"version-history":[{"count":22,"href":"https:\/\/www.fuzeau.com\/blog\/wp-json\/wp\/v2\/posts\/914\/revisions"}],"predecessor-version":[{"id":2447,"href":"https:\/\/www.fuzeau.com\/blog\/wp-json\/wp\/v2\/posts\/914\/revisions\/2447"}],"wp:featuredmedia":[{"embeddable":true,"href":"https:\/\/www.fuzeau.com\/blog\/wp-json\/wp\/v2\/media\/916"}],"wp:attachment":[{"href":"https:\/\/www.fuzeau.com\/blog\/wp-json\/wp\/v2\/media?parent=914"}],"wp:term":[{"taxonomy":"category","embeddable":true,"href":"https:\/\/www.fuzeau.com\/blog\/wp-json\/wp\/v2\/categories?post=914"},{"taxonomy":"post_tag","embeddable":true,"href":"https:\/\/www.fuzeau.com\/blog\/wp-json\/wp\/v2\/tags?post=914"}],"curies":[{"name":"wp","href":"https:\/\/api.w.org\/{rel}","templated":true}]}}