{"id":799,"date":"2024-04-12T14:45:07","date_gmt":"2024-04-12T12:45:07","guid":{"rendered":"https:\/\/www.fuzeau.com\/blog\/?p=799"},"modified":"2025-12-04T14:46:41","modified_gmt":"2025-12-04T13:46:41","slug":"pourquoi_et_comment_creer_une_histoire_sonore_en_classe","status":"publish","type":"post","link":"https:\/\/www.fuzeau.com\/blog\/pourquoi_et_comment_creer_une_histoire_sonore_en_classe\/","title":{"rendered":"Pourquoi et comment cr\u00e9er une histoire sonore en classe ?"},"content":{"rendered":"\t\t<div data-elementor-type=\"wp-post\" data-elementor-id=\"799\" class=\"elementor elementor-799\" data-elementor-post-type=\"post\">\n\t\t\t\t\t\t<section class=\"elementor-section elementor-top-section elementor-element elementor-element-5a43dd16 elementor-section-boxed elementor-section-height-default elementor-section-height-default\" data-id=\"5a43dd16\" data-element_type=\"section\">\n\t\t\t\t\t\t<div class=\"elementor-container elementor-column-gap-default\">\n\t\t\t\t\t<div class=\"elementor-column elementor-col-100 elementor-top-column elementor-element elementor-element-1ea0e876\" data-id=\"1ea0e876\" data-element_type=\"column\">\n\t\t\t<div class=\"elementor-widget-wrap elementor-element-populated\">\n\t\t\t\t\t\t<div class=\"elementor-element elementor-element-a8f709a elementor-widget elementor-widget-shortcode\" data-id=\"a8f709a\" data-element_type=\"widget\" data-widget_type=\"shortcode.default\">\n\t\t\t\t<div class=\"elementor-widget-container\">\n\t\t\t\t\t<div class=\"elementor-shortcode\"><span><span><a href=\"https:\/\/www.fuzeau.com\/blog\/\">Guide<\/a><\/span><\/span><\/div>\n\t\t\t\t<\/div>\n\t\t\t\t<\/div>\n\t\t\t\t<div class=\"elementor-element elementor-element-f11949f elementor-widget elementor-widget-text-editor\" data-id=\"f11949f\" data-element_type=\"widget\" data-widget_type=\"text-editor.default\">\n\t\t\t\t<div class=\"elementor-widget-container\">\n\t\t\t<style>\/*! elementor - v3.22.0 - 26-06-2024 *\/\n.elementor-widget-text-editor.elementor-drop-cap-view-stacked .elementor-drop-cap{background-color:#69727d;color:#fff}.elementor-widget-text-editor.elementor-drop-cap-view-framed .elementor-drop-cap{color:#69727d;border:3px solid;background-color:transparent}.elementor-widget-text-editor:not(.elementor-drop-cap-view-default) .elementor-drop-cap{margin-top:8px}.elementor-widget-text-editor:not(.elementor-drop-cap-view-default) .elementor-drop-cap-letter{width:1em;height:1em}.elementor-widget-text-editor .elementor-drop-cap{float:left;text-align:center;line-height:1;font-size:50px}.elementor-widget-text-editor .elementor-drop-cap-letter{display:inline-block}<\/style>\t\t\t\t<p>Dans un monde o\u00f9 l&rsquo;\u00e9ducation cherche constamment \u00e0 innover et \u00e0 stimuler les jeunes esprits, la cr\u00e9ation d&rsquo;une histoire musicale en classe peu s&rsquo;imposer comme une approche novatrice, qui vient explorer les comp\u00e9tences artistiques des \u00e9l\u00e8ves.<br \/><br \/>Dans cet article, nous vous proposons de plonger au c\u0153ur d\u2019une d\u00e9marche pragmatique, qui permet aux enfants de concevoir, \u00e9crire et donner vie \u00e0 leur propre r\u00e9cit musical.<br \/><br \/>Voici quelques suggestions, sur lesquelles vous pourriez vous appuyer pour r\u00e9ussir cette d\u00e9marche p\u00e9dagogique et vous lancer dans cette aventure cr\u00e9ative et r\u00e9cr\u00e9ative.<br \/><br \/>Et comme vous le savez sans doute, toute histoire commence par\u2026<\/p>\t\t\t\t\t\t<\/div>\n\t\t\t\t<\/div>\n\t\t\t\t<div class=\"elementor-element elementor-element-43e5159 elementor-widget elementor-widget-heading\" data-id=\"43e5159\" data-element_type=\"widget\" data-widget_type=\"heading.default\">\n\t\t\t\t<div class=\"elementor-widget-container\">\n\t\t\t<style>\/*! elementor - v3.22.0 - 26-06-2024 *\/\n.elementor-heading-title{padding:0;margin:0;line-height:1}.elementor-widget-heading .elementor-heading-title[class*=elementor-size-]>a{color:inherit;font-size:inherit;line-height:inherit}.elementor-widget-heading .elementor-heading-title.elementor-size-small{font-size:15px}.elementor-widget-heading .elementor-heading-title.elementor-size-medium{font-size:19px}.elementor-widget-heading .elementor-heading-title.elementor-size-large{font-size:29px}.elementor-widget-heading .elementor-heading-title.elementor-size-xl{font-size:39px}.elementor-widget-heading .elementor-heading-title.elementor-size-xxl{font-size:59px}<\/style><h2 class=\"elementor-heading-title elementor-size-default\">Il \u00e9tait une fois\u2026<\/h2>\t\t<\/div>\n\t\t\t\t<\/div>\n\t\t\t\t<div class=\"elementor-element elementor-element-118c957 elementor-widget elementor-widget-text-editor\" data-id=\"118c957\" data-element_type=\"widget\" data-widget_type=\"text-editor.default\">\n\t\t\t\t<div class=\"elementor-widget-container\">\n\t\t\t\t\t\t\t<p>D\u00e9butez par imaginer une histoire. Vous pouvez impliquer les enfants dans le processus de cr\u00e9ation d\u00e8s le d\u00e9part. Cela stimulera leur cr\u00e9ativit\u00e9 et favorisera l&rsquo;interaction.<br \/><br \/>Pensez aux personnages. Qui sont-ils ? Quels sont leurs r\u00f4les ? O\u00f9 se d\u00e9roulent leurs aventures ? Quelles p\u00e9rip\u00e9ties vont-ils rencontrer ? Quelles intrigues ? Cette phase est fondamentale pour \u00e9tablir une base solide pour l&rsquo;histoire musicale. Pensez par exemple \u201cle voyage du h\u00e9ros\u201d.<\/p>\t\t\t\t\t\t<\/div>\n\t\t\t\t<\/div>\n\t\t\t\t<div class=\"elementor-element elementor-element-321afd2 elementor-widget elementor-widget-heading\" data-id=\"321afd2\" data-element_type=\"widget\" data-widget_type=\"heading.default\">\n\t\t\t\t<div class=\"elementor-widget-container\">\n\t\t\t<h2 class=\"elementor-heading-title elementor-size-default\">Mise en \u00e9criture de l'histoire<\/h2>\t\t<\/div>\n\t\t\t\t<\/div>\n\t\t\t\t<div class=\"elementor-element elementor-element-b88a8c6 elementor-widget elementor-widget-text-editor\" data-id=\"b88a8c6\" data-element_type=\"widget\" data-widget_type=\"text-editor.default\">\n\t\t\t\t<div class=\"elementor-widget-container\">\n\t\t\t\t\t\t\t<p>Une fois l&rsquo;histoire con\u00e7ue, il est temps de la mettre par \u00e9crit. Les grandes lignes doivent \u00eatre claires et structur\u00e9es, permettant ainsi une sonorisation coh\u00e9rente. Chaque s\u00e9quence doit \u00eatre r\u00e9dig\u00e9e pour faciliter la visualisation et la compr\u00e9hension \u00e9motionnelle des sc\u00e8nes par les enfants.<br \/><br \/>Ce processus de concr\u00e9tisation est n\u00e9cessaire pour que les jeunes cr\u00e9ateurs visualisent le r\u00e9cit dans son ensemble et saisissent l&rsquo;impact \u00e9motionnel de leur histoire qu\u2019ils devront \u201cmusicaliser\u201d.<\/p>\t\t\t\t\t\t<\/div>\n\t\t\t\t<\/div>\n\t\t\t\t<div class=\"elementor-element elementor-element-945abf8 elementor-widget elementor-widget-heading\" data-id=\"945abf8\" data-element_type=\"widget\" data-widget_type=\"heading.default\">\n\t\t\t\t<div class=\"elementor-widget-container\">\n\t\t\t<h2 class=\"elementor-heading-title elementor-size-default\">Enrichissement sonore<\/h2>\t\t<\/div>\n\t\t\t\t<\/div>\n\t\t\t\t<div class=\"elementor-element elementor-element-4214674 elementor-widget__width-initial elementor-widget elementor-widget-text-editor\" data-id=\"4214674\" data-element_type=\"widget\" data-widget_type=\"text-editor.default\">\n\t\t\t\t<div class=\"elementor-widget-container\">\n\t\t\t\t\t\t\t<p>La musique et les sons enrichissent l&rsquo;histoire, \u00e9voquant des \u00e9motions et aidant \u00e0 d\u00e9finir les personnages et les sc\u00e8nes. Par exemple, une <a href=\"https:\/\/www.fuzeau.com\/musique\/21172-flutes\" target=\"_blank\" rel=\"noopener\">fl\u00fbte<\/a> peut symboliser la tranquillit\u00e9, tandis que des <a href=\"https:\/\/www.fuzeau.com\/musique\/21008-instruments-a-percussions\" target=\"_blank\" rel=\"noopener\">percussions<\/a> rythm\u00e9es peuvent illustrer une sc\u00e8ne d&rsquo;action.<br \/><br \/>En choisissant judicieusement chaque note et chaque son, on enrichit le r\u00e9cit, offrant aux enfants un canevas pour imaginer et ressentir l&rsquo;histoire dans toute sa dimension \u00e9motionnelle et narrative.<\/p>\t\t\t\t\t\t<\/div>\n\t\t\t\t<\/div>\n\t\t\t\t<div class=\"elementor-element elementor-element-10e44fa elementor-widget elementor-widget-heading\" data-id=\"10e44fa\" data-element_type=\"widget\" data-widget_type=\"heading.default\">\n\t\t\t\t<div class=\"elementor-widget-container\">\n\t\t\t<h2 class=\"elementor-heading-title elementor-size-default\"><br>Choix des instruments<\/h2>\t\t<\/div>\n\t\t\t\t<\/div>\n\t\t\t\t<div class=\"elementor-element elementor-element-9a9dd42 elementor-widget__width-initial elementor-widget elementor-widget-text-editor\" data-id=\"9a9dd42\" data-element_type=\"widget\" data-widget_type=\"text-editor.default\">\n\t\t\t\t<div class=\"elementor-widget-container\">\n\t\t\t\t\t\t\t<p>Introduisez une diversit\u00e9 d\u2019instruments pour illustrer l&rsquo;histoire. Nous proposons, entre autres, des petites <a href=\"https:\/\/www.fuzeau.com\/musique\/21008-instruments-a-percussions\" target=\"_blank\" rel=\"noopener\">percussions<\/a> ou encore des <a href=\"https:\/\/www.fuzeau.com\/musique\/21027-appeaux-sifflets-animaux\" target=\"_blank\" rel=\"noopener\">objets imitant des animaux<\/a>, <a href=\"https:\/\/www.fuzeau.com\/musique\/21029-instruments-insolites\" target=\"_blank\" rel=\"noopener\">des situations climatiques<\/a>, parfaitement adapt\u00e9s pour animer les r\u00e9cits. Autre exemple : vous pouvez tr\u00e8s bien frapper une <a href=\"https:\/\/www.fuzeau.com\/musique\/21165-claves\" target=\"_blank\" rel=\"noopener\">clave<\/a> contre une autre en allant de plus en plus vite, ce qui exprime une notion de vitesse. Il y a tant d\u2019exemples.<\/p>\t\t\t\t\t\t<\/div>\n\t\t\t\t<\/div>\n\t\t\t\t<div class=\"elementor-element elementor-element-89d39da elementor-widget elementor-widget-spacer\" data-id=\"89d39da\" data-element_type=\"widget\" data-widget_type=\"spacer.default\">\n\t\t\t\t<div class=\"elementor-widget-container\">\n\t\t\t<style>\/*! elementor - v3.22.0 - 26-06-2024 *\/\n.elementor-column .elementor-spacer-inner{height:var(--spacer-size)}.e-con{--container-widget-width:100%}.e-con-inner>.elementor-widget-spacer,.e-con>.elementor-widget-spacer{width:var(--container-widget-width,var(--spacer-size));--align-self:var(--container-widget-align-self,initial);--flex-shrink:0}.e-con-inner>.elementor-widget-spacer>.elementor-widget-container,.e-con>.elementor-widget-spacer>.elementor-widget-container{height:100%;width:100%}.e-con-inner>.elementor-widget-spacer>.elementor-widget-container>.elementor-spacer,.e-con>.elementor-widget-spacer>.elementor-widget-container>.elementor-spacer{height:100%}.e-con-inner>.elementor-widget-spacer>.elementor-widget-container>.elementor-spacer>.elementor-spacer-inner,.e-con>.elementor-widget-spacer>.elementor-widget-container>.elementor-spacer>.elementor-spacer-inner{height:var(--container-widget-height,var(--spacer-size))}.e-con-inner>.elementor-widget-spacer.elementor-widget-empty,.e-con>.elementor-widget-spacer.elementor-widget-empty{position:relative;min-height:22px;min-width:22px}.e-con-inner>.elementor-widget-spacer.elementor-widget-empty .elementor-widget-empty-icon,.e-con>.elementor-widget-spacer.elementor-widget-empty .elementor-widget-empty-icon{position:absolute;top:0;bottom:0;left:0;right:0;margin:auto;padding:0;width:22px;height:22px}<\/style>\t\t<div class=\"elementor-spacer\">\n\t\t\t<div class=\"elementor-spacer-inner\"><\/div>\n\t\t<\/div>\n\t\t\t\t<\/div>\n\t\t\t\t<\/div>\n\t\t\t\t<div class=\"elementor-element elementor-element-09a8f4d elementor-widget elementor-widget-shortcode\" data-id=\"09a8f4d\" data-element_type=\"widget\" data-widget_type=\"shortcode.default\">\n\t\t\t\t<div class=\"elementor-widget-container\">\n\t\t\t\t\t<div class=\"elementor-shortcode\"><div class=\"row ppgbo_row ppgbo_product_1\">\n    \n    <div class=\"product col-6\">\n        <a class=\"product_link\" target=\"_blank\" href=\"https:\/\/www.fuzeau.com\/musique\/p\/585-claves-18-cm-acacia.html\">CLAVES EN BOIS ACACIA 18 CM<\/a><img fetchpriority=\"high\" decoding=\"async\" class=\"product_image\" src=\"https:\/\/www.fuzeau.com\/musique\/11879-medium_default\/1.jpg\"  alt=\"CLAVES EN BOIS ACACIA 18 CM\" width=\"250\" height=\"250\" \/><h4 class=\"product_name\">CLAVES EN BOIS ACACIA 18 CM<\/h4><span class=\"product_price\">7.50\u20ac<\/span><div class=\"btn btn-default\">Voir le produit<\/div>    <\/div>\n    \n    \n    <div class=\"product col-6\">\n        <a class=\"product_link\" target=\"_blank\" href=\"https:\/\/www.fuzeau.com\/musique\/p\/1646-tube-tonnerre-decore.html\">TUBE TONNERRE DECOR\u00c9<\/a><img decoding=\"async\" class=\"product_image\" src=\"https:\/\/www.fuzeau.com\/musique\/8538-medium_default\/1.jpg\"  alt=\"TUBE TONNERRE DECOR\u00c9\" width=\"250\" height=\"250\" \/><h4 class=\"product_name\">TUBE TONNERRE DECOR\u00c9<\/h4><span class=\"product_price\">13.60\u20ac<\/span><div class=\"btn btn-default\">Voir le produit<\/div>    <\/div>\n    \n    <\/div>\n<div class=\"clear\"><\/div><\/div>\n\t\t\t\t<\/div>\n\t\t\t\t<\/div>\n\t\t\t\t<div class=\"elementor-element elementor-element-e687736 elementor-widget elementor-widget-heading\" data-id=\"e687736\" data-element_type=\"widget\" data-widget_type=\"heading.default\">\n\t\t\t\t<div class=\"elementor-widget-container\">\n\t\t\t<h2 class=\"elementor-heading-title elementor-size-default\">Expressions \u00e9motionnelles<\/h2>\t\t<\/div>\n\t\t\t\t<\/div>\n\t\t\t\t<div class=\"elementor-element elementor-element-9a0df91 elementor-widget elementor-widget-text-editor\" data-id=\"9a0df91\" data-element_type=\"widget\" data-widget_type=\"text-editor.default\">\n\t\t\t\t<div class=\"elementor-widget-container\">\n\t\t\t\t\t\t\t<p>Montrez aux enfants comment les instruments peuvent exprimer diff\u00e9rentes \u00e9motions et atmosph\u00e8res. L&rsquo;\u00e9coute d&rsquo;extraits musicaux ou la lecture de phrases peut servir de base pour l&rsquo;imagination des sc\u00e8nes et des sentiments correspondants.<br \/><br \/>Cela les encourage \u00e0 r\u00e9fl\u00e9chir \u00e0 la mani\u00e8re dont ils peuvent utiliser les instruments \u00e0 leur disposition pour donner vie aux diff\u00e9rentes ambiances de leur histoire.<\/p>\t\t\t\t\t\t<\/div>\n\t\t\t\t<\/div>\n\t\t\t\t<div class=\"elementor-element elementor-element-25f0205 elementor-widget elementor-widget-heading\" data-id=\"25f0205\" data-element_type=\"widget\" data-widget_type=\"heading.default\">\n\t\t\t\t<div class=\"elementor-widget-container\">\n\t\t\t<h2 class=\"elementor-heading-title elementor-size-default\">Prise en main des instruments par les enfants<\/h2>\t\t<\/div>\n\t\t\t\t<\/div>\n\t\t\t\t<div class=\"elementor-element elementor-element-e72fd2d elementor-widget elementor-widget-text-editor\" data-id=\"e72fd2d\" data-element_type=\"widget\" data-widget_type=\"text-editor.default\">\n\t\t\t\t<div class=\"elementor-widget-container\">\n\t\t\t\t\t\t\t<p>Laisser les enfants prendre en main les instruments marque un moment pivot dans leur parcours cr\u00e9atif, leur octroyant une libert\u00e9 pr\u00e9cieuse dans l&rsquo;exploration sonore. Cette interaction directe avec les instruments ne se limite pas \u00e0 la d\u00e9couverte de nouvelles textures sonores ; elle permet \u00e9galement d&rsquo;approfondir leur compr\u00e9hension des nuances d\u2019une production musicale.<br \/><br \/>En exp\u00e9rimentant librement, ils peuvent d\u00e9tourner l\u2019utilisation classique montr\u00e9e par l\u2019adulte et ils apprennent \u00e0 exprimer leurs id\u00e9es et leurs sentiments de mani\u00e8re authentique.<\/p>\t\t\t\t\t\t<\/div>\n\t\t\t\t<\/div>\n\t\t\t\t<div class=\"elementor-element elementor-element-5fa987d elementor-widget elementor-widget-heading\" data-id=\"5fa987d\" data-element_type=\"widget\" data-widget_type=\"heading.default\">\n\t\t\t\t<div class=\"elementor-widget-container\">\n\t\t\t<h2 class=\"elementor-heading-title elementor-size-default\">Distribution des r\u00f4les<\/h2>\t\t<\/div>\n\t\t\t\t<\/div>\n\t\t\t\t<div class=\"elementor-element elementor-element-a5ba8eb elementor-widget elementor-widget-text-editor\" data-id=\"a5ba8eb\" data-element_type=\"widget\" data-widget_type=\"text-editor.default\">\n\t\t\t\t<div class=\"elementor-widget-container\">\n\t\t\t\t\t\t\t<p>L&rsquo;attribution de r\u00f4les vari\u00e9s aux enfants dans le processus de cr\u00e9ation de l&rsquo;histoire musicale est une d\u00e9marche fondamentale qui valorise chaque talent individuel tout en renfor\u00e7ant l&rsquo;esprit d&rsquo;\u00e9quipe.<br \/><br \/>En devenant tour \u00e0 tour conteurs, musiciens, chefs d&rsquo;orchestre ou spectateurs, les enfants d\u00e9couvrent diff\u00e9rentes facettes de la production artistique.<br \/><br \/>En assumant diff\u00e9rents r\u00f4les, ils apprennent la responsabilit\u00e9, l&rsquo;\u00e9coute active, et l&rsquo;appr\u00e9ciation des talents des autres, favorisant ainsi une dynamique collaborative.<\/p>\t\t\t\t\t\t<\/div>\n\t\t\t\t<\/div>\n\t\t\t\t<div class=\"elementor-element elementor-element-7e81d0b elementor-widget elementor-widget-heading\" data-id=\"7e81d0b\" data-element_type=\"widget\" data-widget_type=\"heading.default\">\n\t\t\t\t<div class=\"elementor-widget-container\">\n\t\t\t<h2 class=\"elementor-heading-title elementor-size-default\">Mod\u00e9liser les histoires musicales<\/h2>\t\t<\/div>\n\t\t\t\t<\/div>\n\t\t\t\t<div class=\"elementor-element elementor-element-9ee2b92 elementor-widget elementor-widget-text-editor\" data-id=\"9ee2b92\" data-element_type=\"widget\" data-widget_type=\"text-editor.default\">\n\t\t\t\t<div class=\"elementor-widget-container\">\n\t\t\t\t\t\t\t<p>Les histoires musicales offrent une grande flexibilit\u00e9, mais sont aussi de belles occasions pour int\u00e9grer des ateliers de peinture, de photographie, ou de cr\u00e9ation de d\u00e9cors pour enrichir le projet artistique global.<br \/><br \/>Ainsi, les enfants envisagent l&rsquo;histoire sous diff\u00e9rents angles.<\/p>\t\t\t\t\t\t<\/div>\n\t\t\t\t<\/div>\n\t\t\t\t<div class=\"elementor-element elementor-element-9ae62aa elementor-widget elementor-widget-heading\" data-id=\"9ae62aa\" data-element_type=\"widget\" data-widget_type=\"heading.default\">\n\t\t\t\t<div class=\"elementor-widget-container\">\n\t\t\t<h2 class=\"elementor-heading-title elementor-size-default\">Chants et groupe vocal<\/h2>\t\t<\/div>\n\t\t\t\t<\/div>\n\t\t\t\t<div class=\"elementor-element elementor-element-a4e6a50 elementor-widget elementor-widget-text-editor\" data-id=\"a4e6a50\" data-element_type=\"widget\" data-widget_type=\"text-editor.default\">\n\t\t\t\t<div class=\"elementor-widget-container\">\n\t\t\t\t\t\t\t<p>Inclure des chants dans l&rsquo;histoire est un plus ind\u00e9niable. Cr\u00e9er un groupe vocal apportera une dimension artistique suppl\u00e9mentaire. La voix est un instrument \u00e0 part enti\u00e8re.<\/p>\t\t\t\t\t\t<\/div>\n\t\t\t\t<\/div>\n\t\t\t\t<div class=\"elementor-element elementor-element-89ca016 elementor-widget elementor-widget-heading\" data-id=\"89ca016\" data-element_type=\"widget\" data-widget_type=\"heading.default\">\n\t\t\t\t<div class=\"elementor-widget-container\">\n\t\t\t<h2 class=\"elementor-heading-title elementor-size-default\">Conclusion<\/h2>\t\t<\/div>\n\t\t\t\t<\/div>\n\t\t\t\t<div class=\"elementor-element elementor-element-8ce2dc9 elementor-widget elementor-widget-text-editor\" data-id=\"8ce2dc9\" data-element_type=\"widget\" data-widget_type=\"text-editor.default\">\n\t\t\t\t<div class=\"elementor-widget-container\">\n\t\t\t\t\t\t\t<p>Cr\u00e9er une histoire sonore en classe est une exp\u00e9rience enrichissante qui offre aux enfants une multitude d&rsquo;apprentissages artistiques pr\u00e9cieux. Cette aventure musicale stimule leur imagination, d\u00e9veloppe leur cr\u00e9ativit\u00e9 et les incite \u00e0 travailler en \u00e9quipe.<br \/><br \/>Au fil de ce processus cr\u00e9atif, les enfants explorent diff\u00e9rents aspects de la production musicale : choix des instruments, cr\u00e9ation de m\u00e9lodies et de rythmes, expression des \u00e9motions, et bien plus encore.<br \/><br \/>Au-del\u00e0 de l&rsquo;apprentissage, la cr\u00e9ation d&rsquo;une histoire sonore est une exp\u00e9rience ludique et amusante qui permet aux enfants de cr\u00e9er des liens durables avec leurs camarades. Le r\u00e9sultat final, qu&rsquo;il s&rsquo;agisse d&rsquo;un enregistrement audio ou d&rsquo;une repr\u00e9sentation en direct, devient un souvenir pr\u00e9cieux que les enfants garderont en m\u00e9moire.<\/p><p>\u00a0<\/p><p>On a tant \u00e0 partager !<\/p>\t\t\t\t\t\t<\/div>\n\t\t\t\t<\/div>\n\t\t\t\t<div class=\"elementor-element elementor-element-64f7773 elementor-widget__width-initial elementor-widget elementor-widget-shortcode\" data-id=\"64f7773\" data-element_type=\"widget\" data-widget_type=\"shortcode.default\">\n\t\t\t\t<div class=\"elementor-widget-container\">\n\t\t\t\t\t<div class=\"elementor-shortcode\"><div class=\"row ppgbo_row ppgbo_product_1\">\n    \n    <div class=\"product col-6\">\n        <a class=\"product_link\" target=\"_blank\" href=\"https:\/\/www.fuzeau.com\/musique\/p\/373-malle-9-instruments-a-effets-sonores.html\">COFFRET SELECTION DE 9 INSTRUMENTS<\/a><img decoding=\"async\" class=\"product_image\" src=\"https:\/\/www.fuzeau.com\/musique\/8558-medium_default\/1.jpg\"  alt=\"COFFRET SELECTION DE 9 INSTRUMENTS\" width=\"250\" height=\"250\" \/><h4 class=\"product_name\">COFFRET SELECTION DE 9 INSTRUMENTS<\/h4><span class=\"product_price\">114.90\u20ac<\/span><div class=\"btn btn-default\">Voir le produit<\/div>    <\/div>\n    \n    \n    <div class=\"product col-6\">\n        <a class=\"product_link\" target=\"_blank\" href=\"https:\/\/www.fuzeau.com\/musique\/p\/1680-coffret-oiseaux-des-jardins.html\">COFFRET DE 5 APPEAUX DES OISEAUX DES JARDINS<\/a><img loading=\"lazy\" decoding=\"async\" class=\"product_image\" src=\"https:\/\/www.fuzeau.com\/musique\/12039-medium_default\/1.jpg\"  alt=\"COFFRET DE 5 APPEAUX DES OISEAUX DES JARDINS\" width=\"250\" height=\"250\" \/><h4 class=\"product_name\">COFFRET DE 5 APPEAUX DES OISEAUX DES JARDINS<\/h4><span class=\"product_price\">69.90\u20ac<\/span><div class=\"btn btn-default\">Voir le produit<\/div>    <\/div>\n    \n    <\/div>\n<div class=\"clear\"><\/div><\/div>\n\t\t\t\t<\/div>\n\t\t\t\t<\/div>\n\t\t\t\t\t<\/div>\n\t\t<\/div>\n\t\t\t\t\t<\/div>\n\t\t<\/section>\n\t\t\t\t<\/div>\n\t\t","protected":false},"excerpt":{"rendered":"<p>Dans un monde o\u00f9 l&rsquo;\u00e9ducation cherche constamment \u00e0 innover et \u00e0 stimuler les jeunes esprits, la cr\u00e9ation d&rsquo;une histoire musicale en classe peu s&rsquo;imposer comme une approche novatrice, qui vient explorer les comp\u00e9tences artistiques des \u00e9l\u00e8ves. Dans cet article, nous vous proposons de plonger au c\u0153ur d\u2019une d\u00e9marche pragmatique, qui permet aux enfants de concevoir,&hellip; <a class=\"more-link\" href=\"https:\/\/www.fuzeau.com\/blog\/pourquoi_et_comment_creer_une_histoire_sonore_en_classe\/\">Poursuivre la lecture <span class=\"screen-reader-text\">Pourquoi et comment cr\u00e9er une histoire sonore en classe ?<\/span><\/a><\/p>\n","protected":false},"author":1,"featured_media":801,"comment_status":"open","ping_status":"open","sticky":false,"template":"","format":"standard","meta":{"footnotes":""},"categories":[10],"tags":[26,44,20],"class_list":["post-799","post","type-post","status-publish","format-standard","has-post-thumbnail","hentry","category-eveil-musical","tag-classe","tag-histoire","tag-musique","entry"],"yoast_head":"<!-- This site is optimized with the Yoast SEO plugin v24.4 - https:\/\/yoast.com\/wordpress\/plugins\/seo\/ -->\n<title>Pourquoi et comment cr\u00e9er une histoire sonore en classe ? - Fuzeau - blog<\/title>\n<meta name=\"robots\" content=\"index, follow, max-snippet:-1, max-image-preview:large, max-video-preview:-1\" \/>\n<link rel=\"canonical\" href=\"https:\/\/www.fuzeau.com\/blog\/pourquoi_et_comment_creer_une_histoire_sonore_en_classe\/\" \/>\n<meta property=\"og:locale\" content=\"fr_FR\" \/>\n<meta property=\"og:type\" content=\"article\" \/>\n<meta property=\"og:title\" content=\"Pourquoi et comment cr\u00e9er une histoire sonore en classe ? - Fuzeau - blog\" \/>\n<meta property=\"og:description\" content=\"Dans un monde o\u00f9 l&rsquo;\u00e9ducation cherche constamment \u00e0 innover et \u00e0 stimuler les jeunes esprits, la cr\u00e9ation d&rsquo;une histoire musicale en classe peu s&rsquo;imposer comme une approche novatrice, qui vient explorer les comp\u00e9tences artistiques des \u00e9l\u00e8ves. Dans cet article, nous vous proposons de plonger au c\u0153ur d\u2019une d\u00e9marche pragmatique, qui permet aux enfants de concevoir,&hellip; Poursuivre la lecture Pourquoi et comment cr\u00e9er une histoire sonore en classe ?\" \/>\n<meta property=\"og:url\" content=\"https:\/\/www.fuzeau.com\/blog\/pourquoi_et_comment_creer_une_histoire_sonore_en_classe\/\" \/>\n<meta property=\"og:site_name\" content=\"Fuzeau - blog\" \/>\n<meta property=\"article:published_time\" content=\"2024-04-12T12:45:07+00:00\" \/>\n<meta property=\"article:modified_time\" content=\"2025-12-04T13:46:41+00:00\" \/>\n<meta property=\"og:image\" content=\"https:\/\/www.fuzeau.com\/blog\/wp-content\/uploads\/2024\/04\/POURQUOI-ET-COMMENT-CREER-UNE-HISTOIRE-SONORE-EN-CLASSE.png\" \/>\n\t<meta property=\"og:image:width\" content=\"500\" \/>\n\t<meta property=\"og:image:height\" content=\"500\" \/>\n\t<meta property=\"og:image:type\" content=\"image\/png\" \/>\n<meta name=\"author\" content=\"superadmin\" \/>\n<meta name=\"twitter:card\" content=\"summary_large_image\" \/>\n<meta name=\"twitter:label1\" content=\"\u00c9crit par\" \/>\n\t<meta name=\"twitter:data1\" content=\"superadmin\" \/>\n\t<meta name=\"twitter:label2\" content=\"Dur\u00e9e de lecture estim\u00e9e\" \/>\n\t<meta name=\"twitter:data2\" content=\"5 minutes\" \/>\n<script type=\"application\/ld+json\" class=\"yoast-schema-graph\">{\"@context\":\"https:\/\/schema.org\",\"@graph\":[{\"@type\":\"Article\",\"@id\":\"https:\/\/www.fuzeau.com\/blog\/pourquoi_et_comment_creer_une_histoire_sonore_en_classe\/#article\",\"isPartOf\":{\"@id\":\"https:\/\/www.fuzeau.com\/blog\/pourquoi_et_comment_creer_une_histoire_sonore_en_classe\/\"},\"author\":{\"name\":\"superadmin\",\"@id\":\"https:\/\/www.fuzeau.com\/blog\/#\/schema\/person\/7c0e77419f010bbd67f69c9c4b751992\"},\"headline\":\"Pourquoi et comment cr\u00e9er une histoire sonore en classe ?\",\"datePublished\":\"2024-04-12T12:45:07+00:00\",\"dateModified\":\"2025-12-04T13:46:41+00:00\",\"mainEntityOfPage\":{\"@id\":\"https:\/\/www.fuzeau.com\/blog\/pourquoi_et_comment_creer_une_histoire_sonore_en_classe\/\"},\"wordCount\":922,\"commentCount\":0,\"publisher\":{\"@id\":\"https:\/\/www.fuzeau.com\/blog\/#organization\"},\"image\":{\"@id\":\"https:\/\/www.fuzeau.com\/blog\/pourquoi_et_comment_creer_une_histoire_sonore_en_classe\/#primaryimage\"},\"thumbnailUrl\":\"https:\/\/www.fuzeau.com\/blog\/wp-content\/uploads\/2024\/04\/POURQUOI-ET-COMMENT-CREER-UNE-HISTOIRE-SONORE-EN-CLASSE.png\",\"keywords\":[\"Classe\",\"HISTOIRE\",\"MUSIQUE\"],\"articleSection\":[\"\u00c9veil musical\"],\"inLanguage\":\"fr-FR\",\"potentialAction\":[{\"@type\":\"CommentAction\",\"name\":\"Comment\",\"target\":[\"https:\/\/www.fuzeau.com\/blog\/pourquoi_et_comment_creer_une_histoire_sonore_en_classe\/#respond\"]}]},{\"@type\":\"WebPage\",\"@id\":\"https:\/\/www.fuzeau.com\/blog\/pourquoi_et_comment_creer_une_histoire_sonore_en_classe\/\",\"url\":\"https:\/\/www.fuzeau.com\/blog\/pourquoi_et_comment_creer_une_histoire_sonore_en_classe\/\",\"name\":\"Pourquoi et comment cr\u00e9er une histoire sonore en classe ? - Fuzeau - blog\",\"isPartOf\":{\"@id\":\"https:\/\/www.fuzeau.com\/blog\/#website\"},\"primaryImageOfPage\":{\"@id\":\"https:\/\/www.fuzeau.com\/blog\/pourquoi_et_comment_creer_une_histoire_sonore_en_classe\/#primaryimage\"},\"image\":{\"@id\":\"https:\/\/www.fuzeau.com\/blog\/pourquoi_et_comment_creer_une_histoire_sonore_en_classe\/#primaryimage\"},\"thumbnailUrl\":\"https:\/\/www.fuzeau.com\/blog\/wp-content\/uploads\/2024\/04\/POURQUOI-ET-COMMENT-CREER-UNE-HISTOIRE-SONORE-EN-CLASSE.png\",\"datePublished\":\"2024-04-12T12:45:07+00:00\",\"dateModified\":\"2025-12-04T13:46:41+00:00\",\"breadcrumb\":{\"@id\":\"https:\/\/www.fuzeau.com\/blog\/pourquoi_et_comment_creer_une_histoire_sonore_en_classe\/#breadcrumb\"},\"inLanguage\":\"fr-FR\",\"potentialAction\":[{\"@type\":\"ReadAction\",\"target\":[\"https:\/\/www.fuzeau.com\/blog\/pourquoi_et_comment_creer_une_histoire_sonore_en_classe\/\"]}]},{\"@type\":\"ImageObject\",\"inLanguage\":\"fr-FR\",\"@id\":\"https:\/\/www.fuzeau.com\/blog\/pourquoi_et_comment_creer_une_histoire_sonore_en_classe\/#primaryimage\",\"url\":\"https:\/\/www.fuzeau.com\/blog\/wp-content\/uploads\/2024\/04\/POURQUOI-ET-COMMENT-CREER-UNE-HISTOIRE-SONORE-EN-CLASSE.png\",\"contentUrl\":\"https:\/\/www.fuzeau.com\/blog\/wp-content\/uploads\/2024\/04\/POURQUOI-ET-COMMENT-CREER-UNE-HISTOIRE-SONORE-EN-CLASSE.png\",\"width\":500,\"height\":500},{\"@type\":\"BreadcrumbList\",\"@id\":\"https:\/\/www.fuzeau.com\/blog\/pourquoi_et_comment_creer_une_histoire_sonore_en_classe\/#breadcrumb\",\"itemListElement\":[{\"@type\":\"ListItem\",\"position\":1,\"name\":\"Guide\",\"item\":\"https:\/\/www.fuzeau.com\/blog\/\"},{\"@type\":\"ListItem\",\"position\":2,\"name\":\"\u00c9veil musical\",\"item\":\"https:\/\/www.fuzeau.com\/blog\/category\/eveil-musical\/\"},{\"@type\":\"ListItem\",\"position\":3,\"name\":\"Pourquoi et comment cr\u00e9er une histoire sonore en classe ?\"}]},{\"@type\":\"WebSite\",\"@id\":\"https:\/\/www.fuzeau.com\/blog\/#website\",\"url\":\"https:\/\/www.fuzeau.com\/blog\/\",\"name\":\"Fuzeau - blog\",\"description\":\"Le blog de l&#039;\u00e9veil musical | Fuzeau\",\"publisher\":{\"@id\":\"https:\/\/www.fuzeau.com\/blog\/#organization\"},\"potentialAction\":[{\"@type\":\"SearchAction\",\"target\":{\"@type\":\"EntryPoint\",\"urlTemplate\":\"https:\/\/www.fuzeau.com\/blog\/?s={search_term_string}\"},\"query-input\":{\"@type\":\"PropertyValueSpecification\",\"valueRequired\":true,\"valueName\":\"search_term_string\"}}],\"inLanguage\":\"fr-FR\"},{\"@type\":\"Organization\",\"@id\":\"https:\/\/www.fuzeau.com\/blog\/#organization\",\"name\":\"Fuzeau - blog\",\"url\":\"https:\/\/www.fuzeau.com\/blog\/\",\"logo\":{\"@type\":\"ImageObject\",\"inLanguage\":\"fr-FR\",\"@id\":\"https:\/\/www.fuzeau.com\/blog\/#\/schema\/logo\/image\/\",\"url\":\"https:\/\/www.fuzeau.com\/blog\/wp-content\/uploads\/2023\/10\/logo-fuzeau.png\",\"contentUrl\":\"https:\/\/www.fuzeau.com\/blog\/wp-content\/uploads\/2023\/10\/logo-fuzeau.png\",\"width\":300,\"height\":123,\"caption\":\"Fuzeau - blog\"},\"image\":{\"@id\":\"https:\/\/www.fuzeau.com\/blog\/#\/schema\/logo\/image\/\"}},{\"@type\":\"Person\",\"@id\":\"https:\/\/www.fuzeau.com\/blog\/#\/schema\/person\/7c0e77419f010bbd67f69c9c4b751992\",\"name\":\"superadmin\",\"image\":{\"@type\":\"ImageObject\",\"inLanguage\":\"fr-FR\",\"@id\":\"https:\/\/www.fuzeau.com\/blog\/#\/schema\/person\/image\/\",\"url\":\"https:\/\/secure.gravatar.com\/avatar\/48d8823e7de72996ed89e22a7cbe18c6?s=96&d=mm&r=g\",\"contentUrl\":\"https:\/\/secure.gravatar.com\/avatar\/48d8823e7de72996ed89e22a7cbe18c6?s=96&d=mm&r=g\",\"caption\":\"superadmin\"},\"sameAs\":[\"https:\/\/blog.fuzeau.com\"],\"url\":\"https:\/\/www.fuzeau.com\/blog\/author\/superadmin\/\"}]}<\/script>\n<!-- \/ Yoast SEO plugin. -->","yoast_head_json":{"title":"Pourquoi et comment cr\u00e9er une histoire sonore en classe ? - Fuzeau - blog","robots":{"index":"index","follow":"follow","max-snippet":"max-snippet:-1","max-image-preview":"max-image-preview:large","max-video-preview":"max-video-preview:-1"},"canonical":"https:\/\/www.fuzeau.com\/blog\/pourquoi_et_comment_creer_une_histoire_sonore_en_classe\/","og_locale":"fr_FR","og_type":"article","og_title":"Pourquoi et comment cr\u00e9er une histoire sonore en classe ? - Fuzeau - blog","og_description":"Dans un monde o\u00f9 l&rsquo;\u00e9ducation cherche constamment \u00e0 innover et \u00e0 stimuler les jeunes esprits, la cr\u00e9ation d&rsquo;une histoire musicale en classe peu s&rsquo;imposer comme une approche novatrice, qui vient explorer les comp\u00e9tences artistiques des \u00e9l\u00e8ves. Dans cet article, nous vous proposons de plonger au c\u0153ur d\u2019une d\u00e9marche pragmatique, qui permet aux enfants de concevoir,&hellip; Poursuivre la lecture Pourquoi et comment cr\u00e9er une histoire sonore en classe ?","og_url":"https:\/\/www.fuzeau.com\/blog\/pourquoi_et_comment_creer_une_histoire_sonore_en_classe\/","og_site_name":"Fuzeau - blog","article_published_time":"2024-04-12T12:45:07+00:00","article_modified_time":"2025-12-04T13:46:41+00:00","og_image":[{"width":500,"height":500,"url":"https:\/\/www.fuzeau.com\/blog\/wp-content\/uploads\/2024\/04\/POURQUOI-ET-COMMENT-CREER-UNE-HISTOIRE-SONORE-EN-CLASSE.png","type":"image\/png"}],"author":"superadmin","twitter_card":"summary_large_image","twitter_misc":{"\u00c9crit par":"superadmin","Dur\u00e9e de lecture estim\u00e9e":"5 minutes"},"schema":{"@context":"https:\/\/schema.org","@graph":[{"@type":"Article","@id":"https:\/\/www.fuzeau.com\/blog\/pourquoi_et_comment_creer_une_histoire_sonore_en_classe\/#article","isPartOf":{"@id":"https:\/\/www.fuzeau.com\/blog\/pourquoi_et_comment_creer_une_histoire_sonore_en_classe\/"},"author":{"name":"superadmin","@id":"https:\/\/www.fuzeau.com\/blog\/#\/schema\/person\/7c0e77419f010bbd67f69c9c4b751992"},"headline":"Pourquoi et comment cr\u00e9er une histoire sonore en classe ?","datePublished":"2024-04-12T12:45:07+00:00","dateModified":"2025-12-04T13:46:41+00:00","mainEntityOfPage":{"@id":"https:\/\/www.fuzeau.com\/blog\/pourquoi_et_comment_creer_une_histoire_sonore_en_classe\/"},"wordCount":922,"commentCount":0,"publisher":{"@id":"https:\/\/www.fuzeau.com\/blog\/#organization"},"image":{"@id":"https:\/\/www.fuzeau.com\/blog\/pourquoi_et_comment_creer_une_histoire_sonore_en_classe\/#primaryimage"},"thumbnailUrl":"https:\/\/www.fuzeau.com\/blog\/wp-content\/uploads\/2024\/04\/POURQUOI-ET-COMMENT-CREER-UNE-HISTOIRE-SONORE-EN-CLASSE.png","keywords":["Classe","HISTOIRE","MUSIQUE"],"articleSection":["\u00c9veil musical"],"inLanguage":"fr-FR","potentialAction":[{"@type":"CommentAction","name":"Comment","target":["https:\/\/www.fuzeau.com\/blog\/pourquoi_et_comment_creer_une_histoire_sonore_en_classe\/#respond"]}]},{"@type":"WebPage","@id":"https:\/\/www.fuzeau.com\/blog\/pourquoi_et_comment_creer_une_histoire_sonore_en_classe\/","url":"https:\/\/www.fuzeau.com\/blog\/pourquoi_et_comment_creer_une_histoire_sonore_en_classe\/","name":"Pourquoi et comment cr\u00e9er une histoire sonore en classe ? - Fuzeau - blog","isPartOf":{"@id":"https:\/\/www.fuzeau.com\/blog\/#website"},"primaryImageOfPage":{"@id":"https:\/\/www.fuzeau.com\/blog\/pourquoi_et_comment_creer_une_histoire_sonore_en_classe\/#primaryimage"},"image":{"@id":"https:\/\/www.fuzeau.com\/blog\/pourquoi_et_comment_creer_une_histoire_sonore_en_classe\/#primaryimage"},"thumbnailUrl":"https:\/\/www.fuzeau.com\/blog\/wp-content\/uploads\/2024\/04\/POURQUOI-ET-COMMENT-CREER-UNE-HISTOIRE-SONORE-EN-CLASSE.png","datePublished":"2024-04-12T12:45:07+00:00","dateModified":"2025-12-04T13:46:41+00:00","breadcrumb":{"@id":"https:\/\/www.fuzeau.com\/blog\/pourquoi_et_comment_creer_une_histoire_sonore_en_classe\/#breadcrumb"},"inLanguage":"fr-FR","potentialAction":[{"@type":"ReadAction","target":["https:\/\/www.fuzeau.com\/blog\/pourquoi_et_comment_creer_une_histoire_sonore_en_classe\/"]}]},{"@type":"ImageObject","inLanguage":"fr-FR","@id":"https:\/\/www.fuzeau.com\/blog\/pourquoi_et_comment_creer_une_histoire_sonore_en_classe\/#primaryimage","url":"https:\/\/www.fuzeau.com\/blog\/wp-content\/uploads\/2024\/04\/POURQUOI-ET-COMMENT-CREER-UNE-HISTOIRE-SONORE-EN-CLASSE.png","contentUrl":"https:\/\/www.fuzeau.com\/blog\/wp-content\/uploads\/2024\/04\/POURQUOI-ET-COMMENT-CREER-UNE-HISTOIRE-SONORE-EN-CLASSE.png","width":500,"height":500},{"@type":"BreadcrumbList","@id":"https:\/\/www.fuzeau.com\/blog\/pourquoi_et_comment_creer_une_histoire_sonore_en_classe\/#breadcrumb","itemListElement":[{"@type":"ListItem","position":1,"name":"Guide","item":"https:\/\/www.fuzeau.com\/blog\/"},{"@type":"ListItem","position":2,"name":"\u00c9veil musical","item":"https:\/\/www.fuzeau.com\/blog\/category\/eveil-musical\/"},{"@type":"ListItem","position":3,"name":"Pourquoi et comment cr\u00e9er une histoire sonore en classe ?"}]},{"@type":"WebSite","@id":"https:\/\/www.fuzeau.com\/blog\/#website","url":"https:\/\/www.fuzeau.com\/blog\/","name":"Fuzeau - blog","description":"Le blog de l&#039;\u00e9veil musical | Fuzeau","publisher":{"@id":"https:\/\/www.fuzeau.com\/blog\/#organization"},"potentialAction":[{"@type":"SearchAction","target":{"@type":"EntryPoint","urlTemplate":"https:\/\/www.fuzeau.com\/blog\/?s={search_term_string}"},"query-input":{"@type":"PropertyValueSpecification","valueRequired":true,"valueName":"search_term_string"}}],"inLanguage":"fr-FR"},{"@type":"Organization","@id":"https:\/\/www.fuzeau.com\/blog\/#organization","name":"Fuzeau - blog","url":"https:\/\/www.fuzeau.com\/blog\/","logo":{"@type":"ImageObject","inLanguage":"fr-FR","@id":"https:\/\/www.fuzeau.com\/blog\/#\/schema\/logo\/image\/","url":"https:\/\/www.fuzeau.com\/blog\/wp-content\/uploads\/2023\/10\/logo-fuzeau.png","contentUrl":"https:\/\/www.fuzeau.com\/blog\/wp-content\/uploads\/2023\/10\/logo-fuzeau.png","width":300,"height":123,"caption":"Fuzeau - blog"},"image":{"@id":"https:\/\/www.fuzeau.com\/blog\/#\/schema\/logo\/image\/"}},{"@type":"Person","@id":"https:\/\/www.fuzeau.com\/blog\/#\/schema\/person\/7c0e77419f010bbd67f69c9c4b751992","name":"superadmin","image":{"@type":"ImageObject","inLanguage":"fr-FR","@id":"https:\/\/www.fuzeau.com\/blog\/#\/schema\/person\/image\/","url":"https:\/\/secure.gravatar.com\/avatar\/48d8823e7de72996ed89e22a7cbe18c6?s=96&d=mm&r=g","contentUrl":"https:\/\/secure.gravatar.com\/avatar\/48d8823e7de72996ed89e22a7cbe18c6?s=96&d=mm&r=g","caption":"superadmin"},"sameAs":["https:\/\/blog.fuzeau.com"],"url":"https:\/\/www.fuzeau.com\/blog\/author\/superadmin\/"}]}},"_links":{"self":[{"href":"https:\/\/www.fuzeau.com\/blog\/wp-json\/wp\/v2\/posts\/799","targetHints":{"allow":["GET"]}}],"collection":[{"href":"https:\/\/www.fuzeau.com\/blog\/wp-json\/wp\/v2\/posts"}],"about":[{"href":"https:\/\/www.fuzeau.com\/blog\/wp-json\/wp\/v2\/types\/post"}],"author":[{"embeddable":true,"href":"https:\/\/www.fuzeau.com\/blog\/wp-json\/wp\/v2\/users\/1"}],"replies":[{"embeddable":true,"href":"https:\/\/www.fuzeau.com\/blog\/wp-json\/wp\/v2\/comments?post=799"}],"version-history":[{"count":13,"href":"https:\/\/www.fuzeau.com\/blog\/wp-json\/wp\/v2\/posts\/799\/revisions"}],"predecessor-version":[{"id":2460,"href":"https:\/\/www.fuzeau.com\/blog\/wp-json\/wp\/v2\/posts\/799\/revisions\/2460"}],"wp:featuredmedia":[{"embeddable":true,"href":"https:\/\/www.fuzeau.com\/blog\/wp-json\/wp\/v2\/media\/801"}],"wp:attachment":[{"href":"https:\/\/www.fuzeau.com\/blog\/wp-json\/wp\/v2\/media?parent=799"}],"wp:term":[{"taxonomy":"category","embeddable":true,"href":"https:\/\/www.fuzeau.com\/blog\/wp-json\/wp\/v2\/categories?post=799"},{"taxonomy":"post_tag","embeddable":true,"href":"https:\/\/www.fuzeau.com\/blog\/wp-json\/wp\/v2\/tags?post=799"}],"curies":[{"name":"wp","href":"https:\/\/api.w.org\/{rel}","templated":true}]}}