{"id":1046,"date":"2024-12-16T09:21:56","date_gmt":"2024-12-16T08:21:56","guid":{"rendered":"https:\/\/www.fuzeau.com\/blog\/?p=1046"},"modified":"2025-12-04T10:54:19","modified_gmt":"2025-12-04T09:54:19","slug":"comment-integrer-les-eleves-en-situation-de-handicap-dans-un-atelier-musical-cles-pour-une-inclusion-reussie","status":"publish","type":"post","link":"https:\/\/www.fuzeau.com\/blog\/comment-integrer-les-eleves-en-situation-de-handicap-dans-un-atelier-musical-cles-pour-une-inclusion-reussie\/","title":{"rendered":"Comment int\u00e9grer les \u00e9l\u00e8ves en situation de handicap dans un atelier musical : cl\u00e9s pour une inclusion r\u00e9ussie"},"content":{"rendered":"\t\t<div data-elementor-type=\"wp-post\" data-elementor-id=\"1046\" class=\"elementor elementor-1046\" data-elementor-post-type=\"post\">\n\t\t\t\t\t\t<section class=\"elementor-section elementor-top-section elementor-element elementor-element-5a43dd16 elementor-section-boxed elementor-section-height-default elementor-section-height-default\" data-id=\"5a43dd16\" data-element_type=\"section\">\n\t\t\t\t\t\t<div class=\"elementor-container elementor-column-gap-default\">\n\t\t\t\t\t<div class=\"elementor-column elementor-col-100 elementor-top-column elementor-element elementor-element-1ea0e876\" data-id=\"1ea0e876\" data-element_type=\"column\">\n\t\t\t<div class=\"elementor-widget-wrap elementor-element-populated\">\n\t\t\t\t\t\t<div class=\"elementor-element elementor-element-a8f709a elementor-widget elementor-widget-shortcode\" data-id=\"a8f709a\" data-element_type=\"widget\" data-widget_type=\"shortcode.default\">\n\t\t\t\t<div class=\"elementor-widget-container\">\n\t\t\t\t\t<div class=\"elementor-shortcode\"><span><span><a href=\"https:\/\/www.fuzeau.com\/blog\/\">Guide<\/a><\/span><\/span><\/div>\n\t\t\t\t<\/div>\n\t\t\t\t<\/div>\n\t\t\t\t<div class=\"elementor-element elementor-element-f11949f elementor-widget elementor-widget-text-editor\" data-id=\"f11949f\" data-element_type=\"widget\" data-widget_type=\"text-editor.default\">\n\t\t\t\t<div class=\"elementor-widget-container\">\n\t\t\t<style>\/*! elementor - v3.22.0 - 26-06-2024 *\/\n.elementor-widget-text-editor.elementor-drop-cap-view-stacked .elementor-drop-cap{background-color:#69727d;color:#fff}.elementor-widget-text-editor.elementor-drop-cap-view-framed .elementor-drop-cap{color:#69727d;border:3px solid;background-color:transparent}.elementor-widget-text-editor:not(.elementor-drop-cap-view-default) .elementor-drop-cap{margin-top:8px}.elementor-widget-text-editor:not(.elementor-drop-cap-view-default) .elementor-drop-cap-letter{width:1em;height:1em}.elementor-widget-text-editor .elementor-drop-cap{float:left;text-align:center;line-height:1;font-size:50px}.elementor-widget-text-editor .elementor-drop-cap-letter{display:inline-block}<\/style>\t\t\t\t<p>La musique, langage universel, poss\u00e8de une formidable capacit\u00e9 \u00e0 rassembler. En int\u00e9grant les \u00e9l\u00e8ves en situation de handicap dans un atelier musical, on cr\u00e9e un espace o\u00f9 chacun peut exprimer son potentiel. Cependant, cette d\u00e9marche demande une organisation pr\u00e9cise et une r\u00e9elle attention aux besoins sp\u00e9cifiques des participants. Voici les grandes \u00e9tapes pour construire un projet \u00e9ducatif inclusif et enrichissant.<\/p>\t\t\t\t\t\t<\/div>\n\t\t\t\t<\/div>\n\t\t\t\t<div class=\"elementor-element elementor-element-43e5159 elementor-widget elementor-widget-heading\" data-id=\"43e5159\" data-element_type=\"widget\" data-widget_type=\"heading.default\">\n\t\t\t\t<div class=\"elementor-widget-container\">\n\t\t\t<style>\/*! elementor - v3.22.0 - 26-06-2024 *\/\n.elementor-heading-title{padding:0;margin:0;line-height:1}.elementor-widget-heading .elementor-heading-title[class*=elementor-size-]>a{color:inherit;font-size:inherit;line-height:inherit}.elementor-widget-heading .elementor-heading-title.elementor-size-small{font-size:15px}.elementor-widget-heading .elementor-heading-title.elementor-size-medium{font-size:19px}.elementor-widget-heading .elementor-heading-title.elementor-size-large{font-size:29px}.elementor-widget-heading .elementor-heading-title.elementor-size-xl{font-size:39px}.elementor-widget-heading .elementor-heading-title.elementor-size-xxl{font-size:59px}<\/style><h2 class=\"elementor-heading-title elementor-size-default\">Comprendre pour mieux accompagner<\/h2>\t\t<\/div>\n\t\t\t\t<\/div>\n\t\t\t\t<div class=\"elementor-element elementor-element-118c957 elementor-widget elementor-widget-text-editor\" data-id=\"118c957\" data-element_type=\"widget\" data-widget_type=\"text-editor.default\">\n\t\t\t\t<div class=\"elementor-widget-container\">\n\t\t\t\t\t\t\t<p>Avant de d\u00e9buter un atelier musical, il est essentiel de comprendre les besoins et les particularit\u00e9s de chaque \u00e9l\u00e8ve. Cette phase pr\u00e9paratoire repose sur un dialogue avec les familles, les \u00e9ducateurs sp\u00e9cialis\u00e9s et, si n\u00e9cessaire, les th\u00e9rapeutes. Ces \u00e9changes permettent d&rsquo;identifier les adaptations n\u00e9cessaires, qu&rsquo;elles concernent les instruments, l&rsquo;environnement sonore ou la dur\u00e9e des activit\u00e9s.<\/p><p>Cette attention \u00e0 l&rsquo;individualit\u00e9 garantit que chaque \u00e9l\u00e8ve trouve sa place et participe avec s\u00e9r\u00e9nit\u00e9.<\/p>\t\t\t\t\t\t<\/div>\n\t\t\t\t<\/div>\n\t\t\t\t<div class=\"elementor-element elementor-element-321afd2 elementor-widget elementor-widget-heading\" data-id=\"321afd2\" data-element_type=\"widget\" data-widget_type=\"heading.default\">\n\t\t\t\t<div class=\"elementor-widget-container\">\n\t\t\t<h2 class=\"elementor-heading-title elementor-size-default\">Adapter les outils pour rendre la musique accessible<\/h2>\t\t<\/div>\n\t\t\t\t<\/div>\n\t\t\t\t<div class=\"elementor-element elementor-element-b88a8c6 elementor-widget elementor-widget-text-editor\" data-id=\"b88a8c6\" data-element_type=\"widget\" data-widget_type=\"text-editor.default\">\n\t\t\t\t<div class=\"elementor-widget-container\">\n\t\t\t\t\t\t\t<p>Tous les instruments ne conviennent pas \u00e0 toutes les situations. Pour les enfants ayant des limitations motrices, les percussions l\u00e9g\u00e8res ou <a href=\"https:\/\/www.fuzeau.com\/musique\/p\/237-jeu-diatonique-8-cloches-accordees-combo.html\" target=\"_blank\" rel=\"noopener\">les cloches color\u00e9es<\/a> offrent une excellente introduction.<\/p><p>Des solutions innovantes, comme <a href=\"https:\/\/www.fuzeau.com\/musique\/2115-partitions-colorees\" target=\"_blank\" rel=\"noopener\">la m\u00e9thode ColorZik<\/a> qui associe des notes \u00e0 des couleurs, simplifient \u00e9galement l&rsquo;apprentissage musical sans n\u00e9cessiter de connaissances pr\u00e9alables en solf\u00e8ge.<\/p><p>Ces supports inclusifs permettent \u00e0 chacun de s&rsquo;exprimer musicalement sans entraves.<\/p>\t\t\t\t\t\t<\/div>\n\t\t\t\t<\/div>\n\t\t\t\t<div class=\"elementor-element elementor-element-09a8f4d elementor-widget elementor-widget-shortcode\" data-id=\"09a8f4d\" data-element_type=\"widget\" data-widget_type=\"shortcode.default\">\n\t\t\t\t<div class=\"elementor-widget-container\">\n\t\t\t\t\t<div class=\"elementor-shortcode\"><div class=\"row ppgbo_row ppgbo_product_1\">\n    \n    <div class=\"product col-6\">\n        <a class=\"product_link\" target=\"_blank\" href=\"https:\/\/www.fuzeau.com\/musique\/p\/1865-le-loto-sonore-des-instruments.html\">LE LOTO SONORE DES INSTRUMENTS<\/a><img fetchpriority=\"high\" decoding=\"async\" class=\"product_image\" src=\"https:\/\/www.fuzeau.com\/musique\/10486-medium_default\/1.jpg\"  alt=\"LE LOTO SONORE DES INSTRUMENTS\" width=\"250\" height=\"250\" \/><h4 class=\"product_name\">LE LOTO SONORE DES INSTRUMENTS<\/h4><span class=\"product_price\">29.90\u20ac<\/span><div class=\"btn btn-default\">Voir le produit<\/div>    <\/div>\n    \n    \n    <div class=\"product col-6\">\n        <a class=\"product_link\" target=\"_blank\" href=\"https:\/\/www.fuzeau.com\/musique\/p\/1574-colorzik-comptines.html\">Livret CD COLORZIK Sp\u00e9cial COMPTINES<\/a><img decoding=\"async\" class=\"product_image\" src=\"https:\/\/www.fuzeau.com\/musique\/8283-medium_default\/1.jpg\"  alt=\"Livret CD COLORZIK Sp\u00e9cial COMPTINES\" width=\"250\" height=\"250\" \/><h4 class=\"product_name\">Livret CD COLORZIK Sp\u00e9cial COMPTINES<\/h4><span class=\"product_price\">24.90\u20ac<\/span><div class=\"btn btn-default\">Voir le produit<\/div>    <\/div>\n    \n    <\/div>\n<div class=\"clear\"><\/div><\/div>\n\t\t\t\t<\/div>\n\t\t\t\t<\/div>\n\t\t\t\t<div class=\"elementor-element elementor-element-945abf8 elementor-widget elementor-widget-heading\" data-id=\"945abf8\" data-element_type=\"widget\" data-widget_type=\"heading.default\">\n\t\t\t\t<div class=\"elementor-widget-container\">\n\t\t\t<h2 class=\"elementor-heading-title elementor-size-default\">Structurer l'atelier pour favoriser la participation<\/h2>\t\t<\/div>\n\t\t\t\t<\/div>\n\t\t\t\t<div class=\"elementor-element elementor-element-4214674 elementor-widget__width-initial elementor-widget elementor-widget-text-editor\" data-id=\"4214674\" data-element_type=\"widget\" data-widget_type=\"text-editor.default\">\n\t\t\t\t<div class=\"elementor-widget-container\">\n\t\t\t\t\t\t\t<p>Une s\u00e9ance bien construite s&rsquo;appuie sur une alternance entre moments d&rsquo;\u00e9coute, exercices rythmiques et chant collectif. Les activit\u00e9s doivent \u00eatre courtes et vari\u00e9es pour maintenir l&rsquo;attention, surtout en pr\u00e9sence d&rsquo;\u00e9l\u00e8ves ayant des troubles de la concentration. Par exemple, un jeu d&rsquo;imitation de sons ou <a href=\"https:\/\/www.fuzeau.com\/musique\/p\/1751-le-loto-sonore-des-animaux.html\" target=\"_blank\" rel=\"noopener\">un loto sonore<\/a> stimule \u00e0 la fois l&rsquo;imagination et la m\u00e9moire. Ce type d&rsquo;approche dynamique favorise une participation active, tout en respectant le rythme de chacun.<\/p><p>\u00a0<\/p>\t\t\t\t\t\t<\/div>\n\t\t\t\t<\/div>\n\t\t\t\t<div class=\"elementor-element elementor-element-10e44fa elementor-widget elementor-widget-heading\" data-id=\"10e44fa\" data-element_type=\"widget\" data-widget_type=\"heading.default\">\n\t\t\t\t<div class=\"elementor-widget-container\">\n\t\t\t<h2 class=\"elementor-heading-title elementor-size-default\">Cultiver un climat bienveillant<\/h2>\t\t<\/div>\n\t\t\t\t<\/div>\n\t\t\t\t<div class=\"elementor-element elementor-element-9a9dd42 elementor-widget__width-initial elementor-widget elementor-widget-text-editor\" data-id=\"9a9dd42\" data-element_type=\"widget\" data-widget_type=\"text-editor.default\">\n\t\t\t\t<div class=\"elementor-widget-container\">\n\t\t\t\t\t\t\t<p>L&rsquo;animateur ou l\u2019enseignant joue un r\u00f4le central dans la r\u00e9ussite de l&rsquo;atelier. En valorisant chaque contribution, il installe un climat de confiance o\u00f9 les \u00e9l\u00e8ves osent s&rsquo;exprimer. La bienveillance n&rsquo;exclut pas l&rsquo;exigence : des attentes claires, adapt\u00e9es \u00e0 chacun, permettent aux enfants de progresser et de se sentir valoris\u00e9s. Il est \u00e9galement primordial de veiller \u00e0 ce que les autres participants soient sensibilis\u00e9s aux particularit\u00e9s de leurs camarades, afin de garantir une interaction harmonieuse.<\/p><p>\u00a0<\/p>\t\t\t\t\t\t<\/div>\n\t\t\t\t<\/div>\n\t\t\t\t<div class=\"elementor-element elementor-element-3e4ef17 elementor-widget elementor-widget-heading\" data-id=\"3e4ef17\" data-element_type=\"widget\" data-widget_type=\"heading.default\">\n\t\t\t\t<div class=\"elementor-widget-container\">\n\t\t\t<h2 class=\"elementor-heading-title elementor-size-default\">Encourager la cr\u00e9ation collective<\/h2>\t\t<\/div>\n\t\t\t\t<\/div>\n\t\t\t\t<div class=\"elementor-element elementor-element-c107aee elementor-widget__width-initial elementor-widget elementor-widget-text-editor\" data-id=\"c107aee\" data-element_type=\"widget\" data-widget_type=\"text-editor.default\">\n\t\t\t\t<div class=\"elementor-widget-container\">\n\t\t\t\t\t\t\t<p>La musique en groupe est un terrain fertile pour l&rsquo;entraide et le d\u00e9veloppement social. Une chorale ou un ensemble instrumental encourage l&rsquo;\u00e9coute mutuelle et la coordination. Chaque \u00e9l\u00e8ve, quel que soit son niveau, peut contribuer \u00e0 la r\u00e9ussite collective, que ce soit par une simple frappe rythmique ou une improvisation vocale. Ces moments partag\u00e9s renforcent le sentiment d&rsquo;appartenance et valorisent les talents uniques de chacun.<\/p><p>\u00a0<\/p>\t\t\t\t\t\t<\/div>\n\t\t\t\t<\/div>\n\t\t\t\t<div class=\"elementor-element elementor-element-74512f2 elementor-widget elementor-widget-heading\" data-id=\"74512f2\" data-element_type=\"widget\" data-widget_type=\"heading.default\">\n\t\t\t\t<div class=\"elementor-widget-container\">\n\t\t\t<h2 class=\"elementor-heading-title elementor-size-default\">L\u2019importance de bien choisir ses instruments<\/h2>\t\t<\/div>\n\t\t\t\t<\/div>\n\t\t\t\t<div class=\"elementor-element elementor-element-608ccff elementor-widget__width-initial elementor-widget elementor-widget-text-editor\" data-id=\"608ccff\" data-element_type=\"widget\" data-widget_type=\"text-editor.default\">\n\t\t\t\t<div class=\"elementor-widget-container\">\n\t\t\t\t\t\t\t<p>L\u2019\u00e9ducateur doit disposer d\u2019un \u00e9ventail d\u2019<a href=\"https:\/\/www.fuzeau.com\/musique\/21007-instruments-de-musique\" target=\"_blank\" rel=\"noopener\">instruments<\/a> adapt\u00e9 aux capacit\u00e9s et aux besoins sp\u00e9cifiques de chaque enfant. Ce choix r\u00e9fl\u00e9chi permet non seulement de favoriser l\u2019expression individuelle, mais aussi de renforcer l\u2019interaction et l\u2019inclusion au sein du groupe.<br \/><br \/>Pour les enfants sourds ou malentendants, les instruments \u00e0 vibrations, tels que <a href=\"https:\/\/www.fuzeau.com\/musique\/410017-bols-chantants-relaxation\" target=\"_blank\" rel=\"noopener\">les bols tib\u00e9tains<\/a>, constituent des outils pr\u00e9cieux. Les vibrations profondes de ces instruments peuvent \u00eatre ressenties physiquement, transformant la musique en une exp\u00e9rience tactile.<br \/><br \/>Les <a href=\"https:\/\/www.fuzeau.com\/musique\/21151-cloches\" target=\"_blank\" rel=\"noopener\">cloches color\u00e9es<\/a> Fuzeau, souvent associ\u00e9es \u00e0 des activit\u00e9s ludiques, se r\u00e9v\u00e8lent efficaces. Un enfant avec des difficult\u00e9s motrices peut les faire sonner d\u2019une simple de frappe, tandis que ses camarades peuvent explorer des gestes plus complexes, comme les secouer pour varier les rythmes.<br \/>En proposant une diversit\u00e9 d\u2019outils, on ouvre des portes vers des modes d\u2019expression vari\u00e9s.<\/p><p>\u00a0<\/p>\t\t\t\t\t\t<\/div>\n\t\t\t\t<\/div>\n\t\t\t\t<div class=\"elementor-element elementor-element-52692a3 elementor-widget elementor-widget-heading\" data-id=\"52692a3\" data-element_type=\"widget\" data-widget_type=\"heading.default\">\n\t\t\t\t<div class=\"elementor-widget-container\">\n\t\t\t<h2 class=\"elementor-heading-title elementor-size-default\">L'impact d'un atelier inclusif<\/h2>\t\t<\/div>\n\t\t\t\t<\/div>\n\t\t\t\t<div class=\"elementor-element elementor-element-a06d64d elementor-widget__width-initial elementor-widget elementor-widget-text-editor\" data-id=\"a06d64d\" data-element_type=\"widget\" data-widget_type=\"text-editor.default\">\n\t\t\t\t<div class=\"elementor-widget-container\">\n\t\t\t\t\t\t\t<p>En int\u00e9grant les \u00e9l\u00e8ves en situation de handicap, l&rsquo;atelier musical devient un vecteur d&rsquo;\u00e9panouissement personnel et collectif. Il permet aux enfants de d\u00e9velopper leur confiance en eux, d&rsquo;explorer leur cr\u00e9ativit\u00e9 et de tisser des liens profonds avec leurs paires. Cette exp\u00e9rience musicale d\u00e9passe le cadre de la salle de classe : elle pr\u00e9pare les jeunes \u00e0 \u00e9voluer dans une soci\u00e9t\u00e9 plus ouverte et solidaire.<br \/><br \/>L&rsquo;inclusion musicale est une aventure \u00e9ducative riche de sens. Elle exige une pr\u00e9paration minutieuse, mais les b\u00e9n\u00e9fices qu&rsquo;elle offre \u00e0 chaque participant, tant sur le plan artistique que social, en font une d\u00e9marche pr\u00e9cieuse.<br \/><br \/>On a tant \u00e0 partager !<\/p>\t\t\t\t\t\t<\/div>\n\t\t\t\t<\/div>\n\t\t\t\t<div class=\"elementor-element elementor-element-89d39da elementor-widget elementor-widget-spacer\" data-id=\"89d39da\" data-element_type=\"widget\" data-widget_type=\"spacer.default\">\n\t\t\t\t<div class=\"elementor-widget-container\">\n\t\t\t<style>\/*! elementor - v3.22.0 - 26-06-2024 *\/\n.elementor-column .elementor-spacer-inner{height:var(--spacer-size)}.e-con{--container-widget-width:100%}.e-con-inner>.elementor-widget-spacer,.e-con>.elementor-widget-spacer{width:var(--container-widget-width,var(--spacer-size));--align-self:var(--container-widget-align-self,initial);--flex-shrink:0}.e-con-inner>.elementor-widget-spacer>.elementor-widget-container,.e-con>.elementor-widget-spacer>.elementor-widget-container{height:100%;width:100%}.e-con-inner>.elementor-widget-spacer>.elementor-widget-container>.elementor-spacer,.e-con>.elementor-widget-spacer>.elementor-widget-container>.elementor-spacer{height:100%}.e-con-inner>.elementor-widget-spacer>.elementor-widget-container>.elementor-spacer>.elementor-spacer-inner,.e-con>.elementor-widget-spacer>.elementor-widget-container>.elementor-spacer>.elementor-spacer-inner{height:var(--container-widget-height,var(--spacer-size))}.e-con-inner>.elementor-widget-spacer.elementor-widget-empty,.e-con>.elementor-widget-spacer.elementor-widget-empty{position:relative;min-height:22px;min-width:22px}.e-con-inner>.elementor-widget-spacer.elementor-widget-empty .elementor-widget-empty-icon,.e-con>.elementor-widget-spacer.elementor-widget-empty .elementor-widget-empty-icon{position:absolute;top:0;bottom:0;left:0;right:0;margin:auto;padding:0;width:22px;height:22px}<\/style>\t\t<div class=\"elementor-spacer\">\n\t\t\t<div class=\"elementor-spacer-inner\"><\/div>\n\t\t<\/div>\n\t\t\t\t<\/div>\n\t\t\t\t<\/div>\n\t\t\t\t\t<\/div>\n\t\t<\/div>\n\t\t\t\t\t<\/div>\n\t\t<\/section>\n\t\t\t\t<\/div>\n\t\t","protected":false},"excerpt":{"rendered":"<p>La musique, langage universel, poss\u00e8de une formidable capacit\u00e9 \u00e0 rassembler. En int\u00e9grant les \u00e9l\u00e8ves en situation de handicap dans un atelier musical, on cr\u00e9e un espace o\u00f9 chacun peut exprimer son potentiel. Cependant, cette d\u00e9marche demande une organisation pr\u00e9cise et une r\u00e9elle attention aux besoins sp\u00e9cifiques des participants. Voici les grandes \u00e9tapes pour construire un&hellip; <a class=\"more-link\" href=\"https:\/\/www.fuzeau.com\/blog\/comment-integrer-les-eleves-en-situation-de-handicap-dans-un-atelier-musical-cles-pour-une-inclusion-reussie\/\">Poursuivre la lecture <span class=\"screen-reader-text\">Comment int\u00e9grer les \u00e9l\u00e8ves en situation de handicap dans un atelier musical : cl\u00e9s pour une inclusion r\u00e9ussie<\/span><\/a><\/p>\n","protected":false},"author":1,"featured_media":1049,"comment_status":"open","ping_status":"open","sticky":false,"template":"","format":"standard","meta":{"footnotes":""},"categories":[10],"tags":[62,63,72,73,20,15],"class_list":["post-1046","post","type-post","status-publish","format-standard","has-post-thumbnail","hentry","category-eveil-musical","tag-ecole","tag-enfants","tag-handicap","tag-inclusion","tag-musique","tag-niveau-1","entry"],"yoast_head":"<!-- This site is optimized with the Yoast SEO plugin v24.4 - https:\/\/yoast.com\/wordpress\/plugins\/seo\/ -->\n<title>Comment int\u00e9grer les \u00e9l\u00e8ves en situation de handicap dans un atelier musical : cl\u00e9s pour une inclusion r\u00e9ussie - Fuzeau - blog<\/title>\n<meta name=\"robots\" content=\"index, follow, max-snippet:-1, max-image-preview:large, max-video-preview:-1\" \/>\n<link rel=\"canonical\" href=\"https:\/\/www.fuzeau.com\/blog\/comment-integrer-les-eleves-en-situation-de-handicap-dans-un-atelier-musical-cles-pour-une-inclusion-reussie\/\" \/>\n<meta property=\"og:locale\" content=\"fr_FR\" \/>\n<meta property=\"og:type\" content=\"article\" \/>\n<meta property=\"og:title\" content=\"Comment int\u00e9grer les \u00e9l\u00e8ves en situation de handicap dans un atelier musical : cl\u00e9s pour une inclusion r\u00e9ussie - Fuzeau - blog\" \/>\n<meta property=\"og:description\" content=\"La musique, langage universel, poss\u00e8de une formidable capacit\u00e9 \u00e0 rassembler. En int\u00e9grant les \u00e9l\u00e8ves en situation de handicap dans un atelier musical, on cr\u00e9e un espace o\u00f9 chacun peut exprimer son potentiel. Cependant, cette d\u00e9marche demande une organisation pr\u00e9cise et une r\u00e9elle attention aux besoins sp\u00e9cifiques des participants. Voici les grandes \u00e9tapes pour construire un&hellip; Poursuivre la lecture Comment int\u00e9grer les \u00e9l\u00e8ves en situation de handicap dans un atelier musical : cl\u00e9s pour une inclusion r\u00e9ussie\" \/>\n<meta property=\"og:url\" content=\"https:\/\/www.fuzeau.com\/blog\/comment-integrer-les-eleves-en-situation-de-handicap-dans-un-atelier-musical-cles-pour-une-inclusion-reussie\/\" \/>\n<meta property=\"og:site_name\" content=\"Fuzeau - blog\" \/>\n<meta property=\"article:published_time\" content=\"2024-12-16T08:21:56+00:00\" \/>\n<meta property=\"article:modified_time\" content=\"2025-12-04T09:54:19+00:00\" \/>\n<meta property=\"og:image\" content=\"https:\/\/www.fuzeau.com\/blog\/wp-content\/uploads\/2024\/12\/COMMENT-INTEGRER-LES-ELEVES-EN-SITUATION-DE-HANDICAP-DANS-UN-ATELIER-MUSICAL_CLES-POUR-UNE-INCLUSION-REUSSIE.png\" \/>\n\t<meta property=\"og:image:width\" content=\"500\" \/>\n\t<meta property=\"og:image:height\" content=\"500\" \/>\n\t<meta property=\"og:image:type\" content=\"image\/png\" \/>\n<meta name=\"author\" content=\"superadmin\" \/>\n<meta name=\"twitter:card\" content=\"summary_large_image\" \/>\n<meta name=\"twitter:label1\" content=\"\u00c9crit par\" \/>\n\t<meta name=\"twitter:data1\" content=\"superadmin\" \/>\n\t<meta name=\"twitter:label2\" content=\"Dur\u00e9e de lecture estim\u00e9e\" \/>\n\t<meta name=\"twitter:data2\" content=\"4 minutes\" \/>\n<script type=\"application\/ld+json\" class=\"yoast-schema-graph\">{\"@context\":\"https:\/\/schema.org\",\"@graph\":[{\"@type\":\"Article\",\"@id\":\"https:\/\/www.fuzeau.com\/blog\/comment-integrer-les-eleves-en-situation-de-handicap-dans-un-atelier-musical-cles-pour-une-inclusion-reussie\/#article\",\"isPartOf\":{\"@id\":\"https:\/\/www.fuzeau.com\/blog\/comment-integrer-les-eleves-en-situation-de-handicap-dans-un-atelier-musical-cles-pour-une-inclusion-reussie\/\"},\"author\":{\"name\":\"superadmin\",\"@id\":\"https:\/\/www.fuzeau.com\/blog\/#\/schema\/person\/7c0e77419f010bbd67f69c9c4b751992\"},\"headline\":\"Comment int\u00e9grer les \u00e9l\u00e8ves en situation de handicap dans un atelier musical : cl\u00e9s pour une inclusion r\u00e9ussie\",\"datePublished\":\"2024-12-16T08:21:56+00:00\",\"dateModified\":\"2025-12-04T09:54:19+00:00\",\"mainEntityOfPage\":{\"@id\":\"https:\/\/www.fuzeau.com\/blog\/comment-integrer-les-eleves-en-situation-de-handicap-dans-un-atelier-musical-cles-pour-une-inclusion-reussie\/\"},\"wordCount\":796,\"commentCount\":0,\"publisher\":{\"@id\":\"https:\/\/www.fuzeau.com\/blog\/#organization\"},\"image\":{\"@id\":\"https:\/\/www.fuzeau.com\/blog\/comment-integrer-les-eleves-en-situation-de-handicap-dans-un-atelier-musical-cles-pour-une-inclusion-reussie\/#primaryimage\"},\"thumbnailUrl\":\"https:\/\/www.fuzeau.com\/blog\/wp-content\/uploads\/2024\/12\/COMMENT-INTEGRER-LES-ELEVES-EN-SITUATION-DE-HANDICAP-DANS-UN-ATELIER-MUSICAL_CLES-POUR-UNE-INCLUSION-REUSSIE.png\",\"keywords\":[\"\u00c9cole\",\"Enfants\",\"HANDICAP\",\"INCLUSION\",\"MUSIQUE\",\"Niveau 1\"],\"articleSection\":[\"\u00c9veil musical\"],\"inLanguage\":\"fr-FR\",\"potentialAction\":[{\"@type\":\"CommentAction\",\"name\":\"Comment\",\"target\":[\"https:\/\/www.fuzeau.com\/blog\/comment-integrer-les-eleves-en-situation-de-handicap-dans-un-atelier-musical-cles-pour-une-inclusion-reussie\/#respond\"]}]},{\"@type\":\"WebPage\",\"@id\":\"https:\/\/www.fuzeau.com\/blog\/comment-integrer-les-eleves-en-situation-de-handicap-dans-un-atelier-musical-cles-pour-une-inclusion-reussie\/\",\"url\":\"https:\/\/www.fuzeau.com\/blog\/comment-integrer-les-eleves-en-situation-de-handicap-dans-un-atelier-musical-cles-pour-une-inclusion-reussie\/\",\"name\":\"Comment int\u00e9grer les \u00e9l\u00e8ves en situation de handicap dans un atelier musical : cl\u00e9s pour une inclusion r\u00e9ussie - Fuzeau - blog\",\"isPartOf\":{\"@id\":\"https:\/\/www.fuzeau.com\/blog\/#website\"},\"primaryImageOfPage\":{\"@id\":\"https:\/\/www.fuzeau.com\/blog\/comment-integrer-les-eleves-en-situation-de-handicap-dans-un-atelier-musical-cles-pour-une-inclusion-reussie\/#primaryimage\"},\"image\":{\"@id\":\"https:\/\/www.fuzeau.com\/blog\/comment-integrer-les-eleves-en-situation-de-handicap-dans-un-atelier-musical-cles-pour-une-inclusion-reussie\/#primaryimage\"},\"thumbnailUrl\":\"https:\/\/www.fuzeau.com\/blog\/wp-content\/uploads\/2024\/12\/COMMENT-INTEGRER-LES-ELEVES-EN-SITUATION-DE-HANDICAP-DANS-UN-ATELIER-MUSICAL_CLES-POUR-UNE-INCLUSION-REUSSIE.png\",\"datePublished\":\"2024-12-16T08:21:56+00:00\",\"dateModified\":\"2025-12-04T09:54:19+00:00\",\"breadcrumb\":{\"@id\":\"https:\/\/www.fuzeau.com\/blog\/comment-integrer-les-eleves-en-situation-de-handicap-dans-un-atelier-musical-cles-pour-une-inclusion-reussie\/#breadcrumb\"},\"inLanguage\":\"fr-FR\",\"potentialAction\":[{\"@type\":\"ReadAction\",\"target\":[\"https:\/\/www.fuzeau.com\/blog\/comment-integrer-les-eleves-en-situation-de-handicap-dans-un-atelier-musical-cles-pour-une-inclusion-reussie\/\"]}]},{\"@type\":\"ImageObject\",\"inLanguage\":\"fr-FR\",\"@id\":\"https:\/\/www.fuzeau.com\/blog\/comment-integrer-les-eleves-en-situation-de-handicap-dans-un-atelier-musical-cles-pour-une-inclusion-reussie\/#primaryimage\",\"url\":\"https:\/\/www.fuzeau.com\/blog\/wp-content\/uploads\/2024\/12\/COMMENT-INTEGRER-LES-ELEVES-EN-SITUATION-DE-HANDICAP-DANS-UN-ATELIER-MUSICAL_CLES-POUR-UNE-INCLUSION-REUSSIE.png\",\"contentUrl\":\"https:\/\/www.fuzeau.com\/blog\/wp-content\/uploads\/2024\/12\/COMMENT-INTEGRER-LES-ELEVES-EN-SITUATION-DE-HANDICAP-DANS-UN-ATELIER-MUSICAL_CLES-POUR-UNE-INCLUSION-REUSSIE.png\",\"width\":500,\"height\":500},{\"@type\":\"BreadcrumbList\",\"@id\":\"https:\/\/www.fuzeau.com\/blog\/comment-integrer-les-eleves-en-situation-de-handicap-dans-un-atelier-musical-cles-pour-une-inclusion-reussie\/#breadcrumb\",\"itemListElement\":[{\"@type\":\"ListItem\",\"position\":1,\"name\":\"Guide\",\"item\":\"https:\/\/www.fuzeau.com\/blog\/\"},{\"@type\":\"ListItem\",\"position\":2,\"name\":\"\u00c9veil musical\",\"item\":\"https:\/\/www.fuzeau.com\/blog\/category\/eveil-musical\/\"},{\"@type\":\"ListItem\",\"position\":3,\"name\":\"Comment int\u00e9grer les \u00e9l\u00e8ves en situation de handicap dans un atelier musical : cl\u00e9s pour une inclusion r\u00e9ussie\"}]},{\"@type\":\"WebSite\",\"@id\":\"https:\/\/www.fuzeau.com\/blog\/#website\",\"url\":\"https:\/\/www.fuzeau.com\/blog\/\",\"name\":\"Fuzeau - blog\",\"description\":\"Le blog de l&#039;\u00e9veil musical | Fuzeau\",\"publisher\":{\"@id\":\"https:\/\/www.fuzeau.com\/blog\/#organization\"},\"potentialAction\":[{\"@type\":\"SearchAction\",\"target\":{\"@type\":\"EntryPoint\",\"urlTemplate\":\"https:\/\/www.fuzeau.com\/blog\/?s={search_term_string}\"},\"query-input\":{\"@type\":\"PropertyValueSpecification\",\"valueRequired\":true,\"valueName\":\"search_term_string\"}}],\"inLanguage\":\"fr-FR\"},{\"@type\":\"Organization\",\"@id\":\"https:\/\/www.fuzeau.com\/blog\/#organization\",\"name\":\"Fuzeau - blog\",\"url\":\"https:\/\/www.fuzeau.com\/blog\/\",\"logo\":{\"@type\":\"ImageObject\",\"inLanguage\":\"fr-FR\",\"@id\":\"https:\/\/www.fuzeau.com\/blog\/#\/schema\/logo\/image\/\",\"url\":\"https:\/\/www.fuzeau.com\/blog\/wp-content\/uploads\/2023\/10\/logo-fuzeau.png\",\"contentUrl\":\"https:\/\/www.fuzeau.com\/blog\/wp-content\/uploads\/2023\/10\/logo-fuzeau.png\",\"width\":300,\"height\":123,\"caption\":\"Fuzeau - blog\"},\"image\":{\"@id\":\"https:\/\/www.fuzeau.com\/blog\/#\/schema\/logo\/image\/\"}},{\"@type\":\"Person\",\"@id\":\"https:\/\/www.fuzeau.com\/blog\/#\/schema\/person\/7c0e77419f010bbd67f69c9c4b751992\",\"name\":\"superadmin\",\"image\":{\"@type\":\"ImageObject\",\"inLanguage\":\"fr-FR\",\"@id\":\"https:\/\/www.fuzeau.com\/blog\/#\/schema\/person\/image\/\",\"url\":\"https:\/\/secure.gravatar.com\/avatar\/48d8823e7de72996ed89e22a7cbe18c6?s=96&d=mm&r=g\",\"contentUrl\":\"https:\/\/secure.gravatar.com\/avatar\/48d8823e7de72996ed89e22a7cbe18c6?s=96&d=mm&r=g\",\"caption\":\"superadmin\"},\"sameAs\":[\"https:\/\/blog.fuzeau.com\"],\"url\":\"https:\/\/www.fuzeau.com\/blog\/author\/superadmin\/\"}]}<\/script>\n<!-- \/ Yoast SEO plugin. -->","yoast_head_json":{"title":"Comment int\u00e9grer les \u00e9l\u00e8ves en situation de handicap dans un atelier musical : cl\u00e9s pour une inclusion r\u00e9ussie - Fuzeau - blog","robots":{"index":"index","follow":"follow","max-snippet":"max-snippet:-1","max-image-preview":"max-image-preview:large","max-video-preview":"max-video-preview:-1"},"canonical":"https:\/\/www.fuzeau.com\/blog\/comment-integrer-les-eleves-en-situation-de-handicap-dans-un-atelier-musical-cles-pour-une-inclusion-reussie\/","og_locale":"fr_FR","og_type":"article","og_title":"Comment int\u00e9grer les \u00e9l\u00e8ves en situation de handicap dans un atelier musical : cl\u00e9s pour une inclusion r\u00e9ussie - Fuzeau - blog","og_description":"La musique, langage universel, poss\u00e8de une formidable capacit\u00e9 \u00e0 rassembler. En int\u00e9grant les \u00e9l\u00e8ves en situation de handicap dans un atelier musical, on cr\u00e9e un espace o\u00f9 chacun peut exprimer son potentiel. Cependant, cette d\u00e9marche demande une organisation pr\u00e9cise et une r\u00e9elle attention aux besoins sp\u00e9cifiques des participants. Voici les grandes \u00e9tapes pour construire un&hellip; Poursuivre la lecture Comment int\u00e9grer les \u00e9l\u00e8ves en situation de handicap dans un atelier musical : cl\u00e9s pour une inclusion r\u00e9ussie","og_url":"https:\/\/www.fuzeau.com\/blog\/comment-integrer-les-eleves-en-situation-de-handicap-dans-un-atelier-musical-cles-pour-une-inclusion-reussie\/","og_site_name":"Fuzeau - blog","article_published_time":"2024-12-16T08:21:56+00:00","article_modified_time":"2025-12-04T09:54:19+00:00","og_image":[{"width":500,"height":500,"url":"https:\/\/www.fuzeau.com\/blog\/wp-content\/uploads\/2024\/12\/COMMENT-INTEGRER-LES-ELEVES-EN-SITUATION-DE-HANDICAP-DANS-UN-ATELIER-MUSICAL_CLES-POUR-UNE-INCLUSION-REUSSIE.png","type":"image\/png"}],"author":"superadmin","twitter_card":"summary_large_image","twitter_misc":{"\u00c9crit par":"superadmin","Dur\u00e9e de lecture estim\u00e9e":"4 minutes"},"schema":{"@context":"https:\/\/schema.org","@graph":[{"@type":"Article","@id":"https:\/\/www.fuzeau.com\/blog\/comment-integrer-les-eleves-en-situation-de-handicap-dans-un-atelier-musical-cles-pour-une-inclusion-reussie\/#article","isPartOf":{"@id":"https:\/\/www.fuzeau.com\/blog\/comment-integrer-les-eleves-en-situation-de-handicap-dans-un-atelier-musical-cles-pour-une-inclusion-reussie\/"},"author":{"name":"superadmin","@id":"https:\/\/www.fuzeau.com\/blog\/#\/schema\/person\/7c0e77419f010bbd67f69c9c4b751992"},"headline":"Comment int\u00e9grer les \u00e9l\u00e8ves en situation de handicap dans un atelier musical : cl\u00e9s pour une inclusion r\u00e9ussie","datePublished":"2024-12-16T08:21:56+00:00","dateModified":"2025-12-04T09:54:19+00:00","mainEntityOfPage":{"@id":"https:\/\/www.fuzeau.com\/blog\/comment-integrer-les-eleves-en-situation-de-handicap-dans-un-atelier-musical-cles-pour-une-inclusion-reussie\/"},"wordCount":796,"commentCount":0,"publisher":{"@id":"https:\/\/www.fuzeau.com\/blog\/#organization"},"image":{"@id":"https:\/\/www.fuzeau.com\/blog\/comment-integrer-les-eleves-en-situation-de-handicap-dans-un-atelier-musical-cles-pour-une-inclusion-reussie\/#primaryimage"},"thumbnailUrl":"https:\/\/www.fuzeau.com\/blog\/wp-content\/uploads\/2024\/12\/COMMENT-INTEGRER-LES-ELEVES-EN-SITUATION-DE-HANDICAP-DANS-UN-ATELIER-MUSICAL_CLES-POUR-UNE-INCLUSION-REUSSIE.png","keywords":["\u00c9cole","Enfants","HANDICAP","INCLUSION","MUSIQUE","Niveau 1"],"articleSection":["\u00c9veil musical"],"inLanguage":"fr-FR","potentialAction":[{"@type":"CommentAction","name":"Comment","target":["https:\/\/www.fuzeau.com\/blog\/comment-integrer-les-eleves-en-situation-de-handicap-dans-un-atelier-musical-cles-pour-une-inclusion-reussie\/#respond"]}]},{"@type":"WebPage","@id":"https:\/\/www.fuzeau.com\/blog\/comment-integrer-les-eleves-en-situation-de-handicap-dans-un-atelier-musical-cles-pour-une-inclusion-reussie\/","url":"https:\/\/www.fuzeau.com\/blog\/comment-integrer-les-eleves-en-situation-de-handicap-dans-un-atelier-musical-cles-pour-une-inclusion-reussie\/","name":"Comment int\u00e9grer les \u00e9l\u00e8ves en situation de handicap dans un atelier musical : cl\u00e9s pour une inclusion r\u00e9ussie - Fuzeau - blog","isPartOf":{"@id":"https:\/\/www.fuzeau.com\/blog\/#website"},"primaryImageOfPage":{"@id":"https:\/\/www.fuzeau.com\/blog\/comment-integrer-les-eleves-en-situation-de-handicap-dans-un-atelier-musical-cles-pour-une-inclusion-reussie\/#primaryimage"},"image":{"@id":"https:\/\/www.fuzeau.com\/blog\/comment-integrer-les-eleves-en-situation-de-handicap-dans-un-atelier-musical-cles-pour-une-inclusion-reussie\/#primaryimage"},"thumbnailUrl":"https:\/\/www.fuzeau.com\/blog\/wp-content\/uploads\/2024\/12\/COMMENT-INTEGRER-LES-ELEVES-EN-SITUATION-DE-HANDICAP-DANS-UN-ATELIER-MUSICAL_CLES-POUR-UNE-INCLUSION-REUSSIE.png","datePublished":"2024-12-16T08:21:56+00:00","dateModified":"2025-12-04T09:54:19+00:00","breadcrumb":{"@id":"https:\/\/www.fuzeau.com\/blog\/comment-integrer-les-eleves-en-situation-de-handicap-dans-un-atelier-musical-cles-pour-une-inclusion-reussie\/#breadcrumb"},"inLanguage":"fr-FR","potentialAction":[{"@type":"ReadAction","target":["https:\/\/www.fuzeau.com\/blog\/comment-integrer-les-eleves-en-situation-de-handicap-dans-un-atelier-musical-cles-pour-une-inclusion-reussie\/"]}]},{"@type":"ImageObject","inLanguage":"fr-FR","@id":"https:\/\/www.fuzeau.com\/blog\/comment-integrer-les-eleves-en-situation-de-handicap-dans-un-atelier-musical-cles-pour-une-inclusion-reussie\/#primaryimage","url":"https:\/\/www.fuzeau.com\/blog\/wp-content\/uploads\/2024\/12\/COMMENT-INTEGRER-LES-ELEVES-EN-SITUATION-DE-HANDICAP-DANS-UN-ATELIER-MUSICAL_CLES-POUR-UNE-INCLUSION-REUSSIE.png","contentUrl":"https:\/\/www.fuzeau.com\/blog\/wp-content\/uploads\/2024\/12\/COMMENT-INTEGRER-LES-ELEVES-EN-SITUATION-DE-HANDICAP-DANS-UN-ATELIER-MUSICAL_CLES-POUR-UNE-INCLUSION-REUSSIE.png","width":500,"height":500},{"@type":"BreadcrumbList","@id":"https:\/\/www.fuzeau.com\/blog\/comment-integrer-les-eleves-en-situation-de-handicap-dans-un-atelier-musical-cles-pour-une-inclusion-reussie\/#breadcrumb","itemListElement":[{"@type":"ListItem","position":1,"name":"Guide","item":"https:\/\/www.fuzeau.com\/blog\/"},{"@type":"ListItem","position":2,"name":"\u00c9veil musical","item":"https:\/\/www.fuzeau.com\/blog\/category\/eveil-musical\/"},{"@type":"ListItem","position":3,"name":"Comment int\u00e9grer les \u00e9l\u00e8ves en situation de handicap dans un atelier musical : cl\u00e9s pour une inclusion r\u00e9ussie"}]},{"@type":"WebSite","@id":"https:\/\/www.fuzeau.com\/blog\/#website","url":"https:\/\/www.fuzeau.com\/blog\/","name":"Fuzeau - blog","description":"Le blog de l&#039;\u00e9veil musical | Fuzeau","publisher":{"@id":"https:\/\/www.fuzeau.com\/blog\/#organization"},"potentialAction":[{"@type":"SearchAction","target":{"@type":"EntryPoint","urlTemplate":"https:\/\/www.fuzeau.com\/blog\/?s={search_term_string}"},"query-input":{"@type":"PropertyValueSpecification","valueRequired":true,"valueName":"search_term_string"}}],"inLanguage":"fr-FR"},{"@type":"Organization","@id":"https:\/\/www.fuzeau.com\/blog\/#organization","name":"Fuzeau - blog","url":"https:\/\/www.fuzeau.com\/blog\/","logo":{"@type":"ImageObject","inLanguage":"fr-FR","@id":"https:\/\/www.fuzeau.com\/blog\/#\/schema\/logo\/image\/","url":"https:\/\/www.fuzeau.com\/blog\/wp-content\/uploads\/2023\/10\/logo-fuzeau.png","contentUrl":"https:\/\/www.fuzeau.com\/blog\/wp-content\/uploads\/2023\/10\/logo-fuzeau.png","width":300,"height":123,"caption":"Fuzeau - blog"},"image":{"@id":"https:\/\/www.fuzeau.com\/blog\/#\/schema\/logo\/image\/"}},{"@type":"Person","@id":"https:\/\/www.fuzeau.com\/blog\/#\/schema\/person\/7c0e77419f010bbd67f69c9c4b751992","name":"superadmin","image":{"@type":"ImageObject","inLanguage":"fr-FR","@id":"https:\/\/www.fuzeau.com\/blog\/#\/schema\/person\/image\/","url":"https:\/\/secure.gravatar.com\/avatar\/48d8823e7de72996ed89e22a7cbe18c6?s=96&d=mm&r=g","contentUrl":"https:\/\/secure.gravatar.com\/avatar\/48d8823e7de72996ed89e22a7cbe18c6?s=96&d=mm&r=g","caption":"superadmin"},"sameAs":["https:\/\/blog.fuzeau.com"],"url":"https:\/\/www.fuzeau.com\/blog\/author\/superadmin\/"}]}},"_links":{"self":[{"href":"https:\/\/www.fuzeau.com\/blog\/wp-json\/wp\/v2\/posts\/1046","targetHints":{"allow":["GET"]}}],"collection":[{"href":"https:\/\/www.fuzeau.com\/blog\/wp-json\/wp\/v2\/posts"}],"about":[{"href":"https:\/\/www.fuzeau.com\/blog\/wp-json\/wp\/v2\/types\/post"}],"author":[{"embeddable":true,"href":"https:\/\/www.fuzeau.com\/blog\/wp-json\/wp\/v2\/users\/1"}],"replies":[{"embeddable":true,"href":"https:\/\/www.fuzeau.com\/blog\/wp-json\/wp\/v2\/comments?post=1046"}],"version-history":[{"count":12,"href":"https:\/\/www.fuzeau.com\/blog\/wp-json\/wp\/v2\/posts\/1046\/revisions"}],"predecessor-version":[{"id":2138,"href":"https:\/\/www.fuzeau.com\/blog\/wp-json\/wp\/v2\/posts\/1046\/revisions\/2138"}],"wp:featuredmedia":[{"embeddable":true,"href":"https:\/\/www.fuzeau.com\/blog\/wp-json\/wp\/v2\/media\/1049"}],"wp:attachment":[{"href":"https:\/\/www.fuzeau.com\/blog\/wp-json\/wp\/v2\/media?parent=1046"}],"wp:term":[{"taxonomy":"category","embeddable":true,"href":"https:\/\/www.fuzeau.com\/blog\/wp-json\/wp\/v2\/categories?post=1046"},{"taxonomy":"post_tag","embeddable":true,"href":"https:\/\/www.fuzeau.com\/blog\/wp-json\/wp\/v2\/tags?post=1046"}],"curies":[{"name":"wp","href":"https:\/\/api.w.org\/{rel}","templated":true}]}}