{"id":1028,"date":"2024-12-10T09:48:24","date_gmt":"2024-12-10T08:48:24","guid":{"rendered":"https:\/\/www.fuzeau.com\/blog\/?p=1028"},"modified":"2025-09-23T09:48:19","modified_gmt":"2025-09-23T07:48:19","slug":"les-percussions-corporelles-outil-d-expression-et-de-coordination-pour-les-eleves","status":"publish","type":"post","link":"https:\/\/www.fuzeau.com\/blog\/les-percussions-corporelles-outil-d-expression-et-de-coordination-pour-les-eleves\/","title":{"rendered":"Les percussions corporelles : un outil d&rsquo;expression et de coordination pour les \u00e9l\u00e8ves"},"content":{"rendered":"\t\t<div data-elementor-type=\"wp-post\" data-elementor-id=\"1028\" class=\"elementor elementor-1028\" data-elementor-post-type=\"post\">\n\t\t\t\t\t\t<section class=\"elementor-section elementor-top-section elementor-element elementor-element-5a43dd16 elementor-section-boxed elementor-section-height-default elementor-section-height-default\" data-id=\"5a43dd16\" data-element_type=\"section\">\n\t\t\t\t\t\t<div class=\"elementor-container elementor-column-gap-default\">\n\t\t\t\t\t<div class=\"elementor-column elementor-col-100 elementor-top-column elementor-element elementor-element-1ea0e876\" data-id=\"1ea0e876\" data-element_type=\"column\">\n\t\t\t<div class=\"elementor-widget-wrap elementor-element-populated\">\n\t\t\t\t\t\t<div class=\"elementor-element elementor-element-a8f709a elementor-widget elementor-widget-shortcode\" data-id=\"a8f709a\" data-element_type=\"widget\" data-widget_type=\"shortcode.default\">\n\t\t\t\t<div class=\"elementor-widget-container\">\n\t\t\t\t\t<div class=\"elementor-shortcode\"><span><span><a href=\"https:\/\/www.fuzeau.com\/blog\/\">Guide<\/a><\/span><\/span><\/div>\n\t\t\t\t<\/div>\n\t\t\t\t<\/div>\n\t\t\t\t<div class=\"elementor-element elementor-element-f11949f elementor-widget elementor-widget-text-editor\" data-id=\"f11949f\" data-element_type=\"widget\" data-widget_type=\"text-editor.default\">\n\t\t\t\t<div class=\"elementor-widget-container\">\n\t\t\t<style>\/*! elementor - v3.22.0 - 26-06-2024 *\/\n.elementor-widget-text-editor.elementor-drop-cap-view-stacked .elementor-drop-cap{background-color:#69727d;color:#fff}.elementor-widget-text-editor.elementor-drop-cap-view-framed .elementor-drop-cap{color:#69727d;border:3px solid;background-color:transparent}.elementor-widget-text-editor:not(.elementor-drop-cap-view-default) .elementor-drop-cap{margin-top:8px}.elementor-widget-text-editor:not(.elementor-drop-cap-view-default) .elementor-drop-cap-letter{width:1em;height:1em}.elementor-widget-text-editor .elementor-drop-cap{float:left;text-align:center;line-height:1;font-size:50px}.elementor-widget-text-editor .elementor-drop-cap-letter{display:inline-block}<\/style>\t\t\t\t<p>Parmi les approches innovantes et accessibles, les percussions corporelles se distinguent par leur simplicit\u00e9 de mise en \u0153uvre. Sans n\u00e9cessiter d&rsquo;instruments co\u00fbteux, cette pratique permet d&rsquo;explorer leur sens du rythme, d&rsquo;exprimer leurs \u00e9motions et d&rsquo;am\u00e9liorer leur coordination. Dans cet article, nous d\u00e9couvrons comment cet art peut transformer une classe en v\u00e9ritable orchestre vivant et comment les combiner avec des petites percussions.<br \/><br \/>En avant la musique\u2026<\/p>\t\t\t\t\t\t<\/div>\n\t\t\t\t<\/div>\n\t\t\t\t<div class=\"elementor-element elementor-element-43e5159 elementor-widget elementor-widget-heading\" data-id=\"43e5159\" data-element_type=\"widget\" data-widget_type=\"heading.default\">\n\t\t\t\t<div class=\"elementor-widget-container\">\n\t\t\t<style>\/*! elementor - v3.22.0 - 26-06-2024 *\/\n.elementor-heading-title{padding:0;margin:0;line-height:1}.elementor-widget-heading .elementor-heading-title[class*=elementor-size-]>a{color:inherit;font-size:inherit;line-height:inherit}.elementor-widget-heading .elementor-heading-title.elementor-size-small{font-size:15px}.elementor-widget-heading .elementor-heading-title.elementor-size-medium{font-size:19px}.elementor-widget-heading .elementor-heading-title.elementor-size-large{font-size:29px}.elementor-widget-heading .elementor-heading-title.elementor-size-xl{font-size:39px}.elementor-widget-heading .elementor-heading-title.elementor-size-xxl{font-size:59px}<\/style><h2 class=\"elementor-heading-title elementor-size-default\">Qu'est-ce que les percussions corporelles ?<\/h2>\t\t<\/div>\n\t\t\t\t<\/div>\n\t\t\t\t<div class=\"elementor-element elementor-element-118c957 elementor-widget elementor-widget-text-editor\" data-id=\"118c957\" data-element_type=\"widget\" data-widget_type=\"text-editor.default\">\n\t\t\t\t<div class=\"elementor-widget-container\">\n\t\t\t\t\t\t\t<p>Les percussions corporelles, ce sont des sons produits \u00e0 partir de notre propre corps : <br \/>tapotements sur les cuisses, claquements de mains, frottements ou encore cliquetis de doigts. <br \/>Issues de traditions musicales vari\u00e9es, elles se retrouvent dans des cultures du monde entier. <br \/>C\u2019est une mani\u00e8re ludique de cr\u00e9er des rythmes tr\u00e8s simplement.<\/p>\t\t\t\t\t\t<\/div>\n\t\t\t\t<\/div>\n\t\t\t\t<div class=\"elementor-element elementor-element-321afd2 elementor-widget elementor-widget-heading\" data-id=\"321afd2\" data-element_type=\"widget\" data-widget_type=\"heading.default\">\n\t\t\t\t<div class=\"elementor-widget-container\">\n\t\t\t<h2 class=\"elementor-heading-title elementor-size-default\">D\u00e9veloppement de la coordination motrice<\/h2>\t\t<\/div>\n\t\t\t\t<\/div>\n\t\t\t\t<div class=\"elementor-element elementor-element-b88a8c6 elementor-widget elementor-widget-text-editor\" data-id=\"b88a8c6\" data-element_type=\"widget\" data-widget_type=\"text-editor.default\">\n\t\t\t\t<div class=\"elementor-widget-container\">\n\t\t\t\t\t\t\t<p>Synchroniser des mouvements pour cr\u00e9er des rythmes am\u00e9liore la motricit\u00e9. Des exercices simples comme alterner des frappes de mains et de pieds permettent aux \u00e9l\u00e8ves d&rsquo;affiner leur dext\u00e9rit\u00e9 et d&rsquo;optimiser leur contr\u00f4le moteur, tout en cr\u00e9ant des variations sonores et en s&rsquo;amusant.<\/p>\t\t\t\t\t\t<\/div>\n\t\t\t\t<\/div>\n\t\t\t\t<div class=\"elementor-element elementor-element-945abf8 elementor-widget elementor-widget-heading\" data-id=\"945abf8\" data-element_type=\"widget\" data-widget_type=\"heading.default\">\n\t\t\t\t<div class=\"elementor-widget-container\">\n\t\t\t<h2 class=\"elementor-heading-title elementor-size-default\">Un outil d'expression \u00e9motionnelle et sociale<\/h2>\t\t<\/div>\n\t\t\t\t<\/div>\n\t\t\t\t<div class=\"elementor-element elementor-element-4214674 elementor-widget__width-initial elementor-widget elementor-widget-text-editor\" data-id=\"4214674\" data-element_type=\"widget\" data-widget_type=\"text-editor.default\">\n\t\t\t\t<div class=\"elementor-widget-container\">\n\t\t\t\t\t\t\t<p>Dans un cadre collectif, les percussions corporelles encouragent l&rsquo;\u00e9coute mutuelle et le respect, en favorisant la collaboration. Les \u00e9l\u00e8ves se sentent valoris\u00e9s en contribuant activement \u00e0 des cr\u00e9ations communes. De nombreux enseignants t\u00e9moignent d&rsquo;une dynamique de groupe renforc\u00e9e et d&rsquo;une bonne communication entre les \u00e9l\u00e8ves.<br \/><br \/><\/p><p>Sans oublier l\u2019aspect sanitaire : comme on a pu le mesurer durant la crise de la COVID-19, cette pratique fut une solution pour faire un travail rythmique sans contacts directs avec l\u2019autre.<br \/><br \/><\/p>\t\t\t\t\t\t<\/div>\n\t\t\t\t<\/div>\n\t\t\t\t<div class=\"elementor-element elementor-element-10e44fa elementor-widget elementor-widget-heading\" data-id=\"10e44fa\" data-element_type=\"widget\" data-widget_type=\"heading.default\">\n\t\t\t\t<div class=\"elementor-widget-container\">\n\t\t\t<h2 class=\"elementor-heading-title elementor-size-default\">Favoriser l'apprentissage et la concentration gr\u00e2ce au rythme<\/h2>\t\t<\/div>\n\t\t\t\t<\/div>\n\t\t\t\t<div class=\"elementor-element elementor-element-9a9dd42 elementor-widget__width-initial elementor-widget elementor-widget-text-editor\" data-id=\"9a9dd42\" data-element_type=\"widget\" data-widget_type=\"text-editor.default\">\n\t\t\t\t<div class=\"elementor-widget-container\">\n\t\t\t\t\t\t\t<p>La pratique rythmique stimule les fonctions cognitives, notamment la m\u00e9moire et l&rsquo;attention. R\u00e9p\u00e9ter des s\u00e9quences rythmiques ou apprendre de nouveaux motifs engagent les capacit\u00e9s de concentration des \u00e9l\u00e8ves. Ces activit\u00e9s peuvent \u00e9galement pr\u00e9parer le cerveau \u00e0 d&rsquo;autres apprentissages, comme la lecture ou les math\u00e9matiques, en renfor\u00e7ant les connexions neuronales impliqu\u00e9es dans la planification et l&rsquo;ex\u00e9cution des t\u00e2ches.<br \/><br \/><\/p><p>D\u00e9couvrez \u00e9galement nos articles sur \u00ab\u00a0<a href=\"https:\/\/www.fuzeau.com\/blog\/comment-integrer-la-musique-dans-les-projets-interdisciplinaires-en-primaire\/\" target=\"_blank\" rel=\"noopener\">Comment int\u00e9grer la musique dans les projets interdisciplinaires en primaire ?\u00a0\u00bb<\/a> ou encore <a href=\"https:\/\/www.fuzeau.com\/blog\/la-pedagogie-musicale-a-lecole-comment-nourrir-lesprit-et-lame-des-enfants\/\" target=\"_blank\" rel=\"noopener\">\u00ab\u00a0La p\u00e9dagogie musicale \u00e0 l&rsquo;\u00e9cole : Comment nourrir l&rsquo;esprit et l&rsquo;\u00e2me des enfants.\u00a0\u00bb<\/a><br \/><br \/><\/p>\t\t\t\t\t\t<\/div>\n\t\t\t\t<\/div>\n\t\t\t\t<div class=\"elementor-element elementor-element-3e4ef17 elementor-widget elementor-widget-heading\" data-id=\"3e4ef17\" data-element_type=\"widget\" data-widget_type=\"heading.default\">\n\t\t\t\t<div class=\"elementor-widget-container\">\n\t\t\t<h2 class=\"elementor-heading-title elementor-size-default\">Activit\u00e9s pratiques pour la classe<\/h2>\t\t<\/div>\n\t\t\t\t<\/div>\n\t\t\t\t<div class=\"elementor-element elementor-element-c107aee elementor-widget__width-initial elementor-widget elementor-widget-text-editor\" data-id=\"c107aee\" data-element_type=\"widget\" data-widget_type=\"text-editor.default\">\n\t\t\t\t<div class=\"elementor-widget-container\">\n\t\t\t\t\t\t\t<p>Les percussions corporelles peuvent s&rsquo;int\u00e9grer facilement dans une classe avec des exercices adapt\u00e9s \u00e0 chaque niveau :<br \/><br \/><\/p><p>\u2022 Pour les plus jeunes : apprenez des rythmes simples comme taper des mains en alternance.<br \/>\u2022 Pour les plus grands : cr\u00e9er des motifs rythmiques complexes ou\/et reproduire des rythmes inspir\u00e9s des musiques du monde.<br \/><br \/><\/p><p>Associer ces rythmes \u00e0 des comptines ou des po\u00e8mes peut enrichir l&rsquo;apprentissage de la langue et des autres mati\u00e8res. Enfin, inclure les \u00e9l\u00e8ves \u00e0 besoins sp\u00e9cifiques dans ces activit\u00e9s encouragent l&rsquo;inclusion et le respect des diff\u00e9rences.<br \/><br \/><\/p><p>Il y a aussi, la dimension chor\u00e9graphique que permet cette pratique.<br \/>Les percussions corporelles, c\u2019est bien, mais il ne faut pas n\u00e9gliger l\u2019utilisation des petites percussions\u2026<br \/><br \/><\/p>\t\t\t\t\t\t<\/div>\n\t\t\t\t<\/div>\n\t\t\t\t<div class=\"elementor-element elementor-element-09a8f4d elementor-widget elementor-widget-shortcode\" data-id=\"09a8f4d\" data-element_type=\"widget\" data-widget_type=\"shortcode.default\">\n\t\t\t\t<div class=\"elementor-widget-container\">\n\t\t\t\t\t<div class=\"elementor-shortcode\"><div class=\"row ppgbo_row ppgbo_product_1\">\n    \n    <div class=\"product col-6\">\n        <a class=\"product_link\" target=\"_blank\" href=\"https:\/\/www.fuzeau.com\/musique\/p\/1623-tutofuz-percussions-corporelles-hors-serie.html\">TUTOFUZ&#039; MON COACH MUSICIEN HORS SERIE PERCUSSIONS CORPORELLES<\/a><img fetchpriority=\"high\" decoding=\"async\" class=\"product_image\" src=\"https:\/\/www.fuzeau.com\/musique\/8306-medium_default\/1.jpg\"  alt=\"TUTOFUZ&#039; MON COACH MUSICIEN HORS SERIE PERCUSSIONS CORPORELLES\" width=\"250\" height=\"250\" \/><h4 class=\"product_name\">TUTOFUZ&#039; MON COACH MUSICIEN HORS SERIE PERCUSSIONS CORPORELLES<\/h4><span class=\"product_price\">12.00\u20ac<\/span><div class=\"btn btn-default\">Voir le produit<\/div>    <\/div>\n    \n    \n    <div class=\"product col-6\">\n        <a class=\"product_link\" target=\"_blank\" href=\"https:\/\/www.fuzeau.com\/musique\/p\/1672-livret-body-tap-avec-ressources-numeriques.html\">LIVRET BODY TAP AVEC RESSOURCES NUMERIQUES<\/a><img decoding=\"async\" class=\"product_image\" src=\"https:\/\/www.fuzeau.com\/musique\/8704-medium_default\/1.jpg\"  alt=\"LIVRET BODY TAP AVEC RESSOURCES NUMERIQUES\" width=\"250\" height=\"250\" \/><h4 class=\"product_name\">LIVRET BODY TAP AVEC RESSOURCES NUMERIQUES<\/h4><span class=\"product_price\">25.50\u20ac<\/span><div class=\"btn btn-default\">Voir le produit<\/div>    <\/div>\n    \n    <\/div>\n<div class=\"clear\"><\/div><\/div>\n\t\t\t\t<\/div>\n\t\t\t\t<\/div>\n\t\t\t\t<div class=\"elementor-element elementor-element-74512f2 elementor-widget elementor-widget-heading\" data-id=\"74512f2\" data-element_type=\"widget\" data-widget_type=\"heading.default\">\n\t\t\t\t<div class=\"elementor-widget-container\">\n\t\t\t<h2 class=\"elementor-heading-title elementor-size-default\">En compl\u00e9ment, voici les avantages des petites percussions<\/h2>\t\t<\/div>\n\t\t\t\t<\/div>\n\t\t\t\t<div class=\"elementor-element elementor-element-608ccff elementor-widget__width-initial elementor-widget elementor-widget-text-editor\" data-id=\"608ccff\" data-element_type=\"widget\" data-widget_type=\"text-editor.default\">\n\t\t\t\t<div class=\"elementor-widget-container\">\n\t\t\t\t\t\t\t<p>Les petites percussions (comme <a href=\"https:\/\/www.fuzeau.com\/musique\/21143-tambourins\" target=\"_blank\" rel=\"noopener\">les tambourins<\/a>, <a href=\"https:\/\/www.fuzeau.com\/musique\/21015-maracas\" target=\"_blank\" rel=\"noopener\">maracas<\/a>, <a href=\"https:\/\/www.fuzeau.com\/musique\/21165-claves\" target=\"_blank\" rel=\"noopener\">claves<\/a>, <a href=\"https:\/\/www.fuzeau.com\/musique\/21149-triangles\" target=\"_blank\" rel=\"noopener\">triangles<\/a>, etc.), dans le cadre d\u2019un atelier rythmique, offrent des b\u00e9n\u00e9fices tr\u00e8s compl\u00e9mentaires aux percussions corporelles :<br \/><br \/><strong>1- Diversit\u00e9 sonore<\/strong><br \/>Les petites percussions proposent une grande vari\u00e9t\u00e9 de timbres et de sons (m\u00e9talliques, bois\u00e9s, vibrants, etc.), permettant une exploration plus riche des textures sonores.<br \/>Cela aide \u00e0 d\u00e9velopper l\u2019oreille musicale des \u00e9l\u00e8ves tout en explorant le ph\u00e9nom\u00e8ne de la production sonore.<br \/><br \/><strong>2- Exp\u00e9rience tactile et sensorielle<\/strong><br \/>Manipuler un petit instrument de musique est l\u2019occasion de stimuler la coordination motrice fine.<br \/>Les vibrations et les sensations varient selon l\u2019objet sonore, renfor\u00e7ant l\u2019apprentissage multisensoriel.<br \/><br \/><strong>3- Introduction \u00e0 la manipulation instrumentale<\/strong><br \/>La pratique instrumentale avec des petites percussions incite les enfants \u00e0 bien les manipuler, \u00e0 en prendre soin et \u00e0 comprendre leur fonctionnement (ex. : comment frapper un tambourin avec la main ou \u00e0 l\u2019aide d\u2019une mailloche, produire un son brillant ou \u00e9touff\u00e9 avec un triangle).<br \/>Ainsi, ils apprennent des techniques instrumentales sp\u00e9cifiques, qui peuvent servir pour une progression vers d\u2019autres instruments plus complexes.<br \/><br \/><strong>4- Plus grande motivation et engagement<\/strong><br \/>La pratique instrumentale avec des petites percussions est per\u00e7ue comme une activit\u00e9 ludique ; Ces petits instruments attirent l\u2019attention des \u00e9l\u00e8ves, stimulent leur int\u00e9r\u00eat, tout en renfor\u00e7ant la concentration et la participation.<br \/>Les percussions corporelles impliquent des mouvements parfois fatigants ou inconfortables pour les pratiquants, surtout sur des p\u00e9riodes prolong\u00e9es. Les petites percussions permettent une r\u00e9p\u00e9tition plus longue sans effort physique important.<br \/><br \/><strong>5- Adaptabilit\u00e9 \u00e0 des \u00e9l\u00e8ves ayant des besoins sp\u00e9cifiques<\/strong><br \/>Certains \u00e9l\u00e8ves, notamment ceux ayant des difficult\u00e9s motrices ou sensorielles, peuvent trouver les percussions corporelles trop complexes ou peu attrayantes. Les petites percussions offrent une alternative accessible.<br \/><br \/><strong>6- Possibilit\u00e9 d\u2019exploration rythmique avanc\u00e9e<\/strong><br \/>La large gamme sonore des petites percussions permet de cr\u00e9er des polyrythmies beaucoup plus diversifi\u00e9es qu\u2019avec les percussions corporelles, seules.<br \/><br \/><strong>7- Pr\u00e9paration pour des prestations publiques<\/strong><br \/>La combinaison des percussions corporelles et des instruments apporte une richesse esth\u00e9tique qui intensifie l\u2019impact artistique aupr\u00e8s des spectateurs.<br \/><br \/>On a tant \u00e0 partager !<\/p>\t\t\t\t\t\t<\/div>\n\t\t\t\t<\/div>\n\t\t\t\t<div class=\"elementor-element elementor-element-89d39da elementor-widget elementor-widget-spacer\" data-id=\"89d39da\" data-element_type=\"widget\" data-widget_type=\"spacer.default\">\n\t\t\t\t<div class=\"elementor-widget-container\">\n\t\t\t<style>\/*! elementor - v3.22.0 - 26-06-2024 *\/\n.elementor-column .elementor-spacer-inner{height:var(--spacer-size)}.e-con{--container-widget-width:100%}.e-con-inner>.elementor-widget-spacer,.e-con>.elementor-widget-spacer{width:var(--container-widget-width,var(--spacer-size));--align-self:var(--container-widget-align-self,initial);--flex-shrink:0}.e-con-inner>.elementor-widget-spacer>.elementor-widget-container,.e-con>.elementor-widget-spacer>.elementor-widget-container{height:100%;width:100%}.e-con-inner>.elementor-widget-spacer>.elementor-widget-container>.elementor-spacer,.e-con>.elementor-widget-spacer>.elementor-widget-container>.elementor-spacer{height:100%}.e-con-inner>.elementor-widget-spacer>.elementor-widget-container>.elementor-spacer>.elementor-spacer-inner,.e-con>.elementor-widget-spacer>.elementor-widget-container>.elementor-spacer>.elementor-spacer-inner{height:var(--container-widget-height,var(--spacer-size))}.e-con-inner>.elementor-widget-spacer.elementor-widget-empty,.e-con>.elementor-widget-spacer.elementor-widget-empty{position:relative;min-height:22px;min-width:22px}.e-con-inner>.elementor-widget-spacer.elementor-widget-empty .elementor-widget-empty-icon,.e-con>.elementor-widget-spacer.elementor-widget-empty .elementor-widget-empty-icon{position:absolute;top:0;bottom:0;left:0;right:0;margin:auto;padding:0;width:22px;height:22px}<\/style>\t\t<div class=\"elementor-spacer\">\n\t\t\t<div class=\"elementor-spacer-inner\"><\/div>\n\t\t<\/div>\n\t\t\t\t<\/div>\n\t\t\t\t<\/div>\n\t\t\t\t\t<\/div>\n\t\t<\/div>\n\t\t\t\t\t<\/div>\n\t\t<\/section>\n\t\t\t\t<\/div>\n\t\t","protected":false},"excerpt":{"rendered":"<p>Parmi les approches innovantes et accessibles, les percussions corporelles se distinguent par leur simplicit\u00e9 de mise en \u0153uvre. Sans n\u00e9cessiter d&rsquo;instruments co\u00fbteux, cette pratique permet d&rsquo;explorer leur sens du rythme, d&rsquo;exprimer leurs \u00e9motions et d&rsquo;am\u00e9liorer leur coordination. Dans cet article, nous d\u00e9couvrons comment cet art peut transformer une classe en v\u00e9ritable orchestre vivant et comment&hellip; <a class=\"more-link\" href=\"https:\/\/www.fuzeau.com\/blog\/les-percussions-corporelles-outil-d-expression-et-de-coordination-pour-les-eleves\/\">Poursuivre la lecture <span class=\"screen-reader-text\">Les percussions corporelles : un outil d&rsquo;expression et de coordination pour les \u00e9l\u00e8ves<\/span><\/a><\/p>\n","protected":false},"author":1,"featured_media":1031,"comment_status":"open","ping_status":"open","sticky":false,"template":"","format":"standard","meta":{"footnotes":""},"categories":[10],"tags":[62,20,15,60,70,69],"class_list":["post-1028","post","type-post","status-publish","format-standard","has-post-thumbnail","hentry","category-eveil-musical","tag-ecole","tag-musique","tag-niveau-1","tag-pedagogie","tag-percussions","tag-primaire","entry"],"yoast_head":"<!-- This site is optimized with the Yoast SEO plugin v24.4 - https:\/\/yoast.com\/wordpress\/plugins\/seo\/ -->\n<title>Les percussions corporelles : un outil d&#039;expression et de coordination pour les \u00e9l\u00e8ves - Fuzeau - blog<\/title>\n<meta name=\"robots\" content=\"index, follow, max-snippet:-1, max-image-preview:large, max-video-preview:-1\" \/>\n<link rel=\"canonical\" href=\"https:\/\/www.fuzeau.com\/blog\/les-percussions-corporelles-outil-d-expression-et-de-coordination-pour-les-eleves\/\" \/>\n<meta property=\"og:locale\" content=\"fr_FR\" \/>\n<meta property=\"og:type\" content=\"article\" \/>\n<meta property=\"og:title\" content=\"Les percussions corporelles : un outil d&#039;expression et de coordination pour les \u00e9l\u00e8ves - Fuzeau - blog\" \/>\n<meta property=\"og:description\" content=\"Parmi les approches innovantes et accessibles, les percussions corporelles se distinguent par leur simplicit\u00e9 de mise en \u0153uvre. Sans n\u00e9cessiter d&rsquo;instruments co\u00fbteux, cette pratique permet d&rsquo;explorer leur sens du rythme, d&rsquo;exprimer leurs \u00e9motions et d&rsquo;am\u00e9liorer leur coordination. Dans cet article, nous d\u00e9couvrons comment cet art peut transformer une classe en v\u00e9ritable orchestre vivant et comment&hellip; Poursuivre la lecture Les percussions corporelles : un outil d&rsquo;expression et de coordination pour les \u00e9l\u00e8ves\" \/>\n<meta property=\"og:url\" content=\"https:\/\/www.fuzeau.com\/blog\/les-percussions-corporelles-outil-d-expression-et-de-coordination-pour-les-eleves\/\" \/>\n<meta property=\"og:site_name\" content=\"Fuzeau - blog\" \/>\n<meta property=\"article:published_time\" content=\"2024-12-10T08:48:24+00:00\" \/>\n<meta property=\"article:modified_time\" content=\"2025-09-23T07:48:19+00:00\" \/>\n<meta property=\"og:image\" content=\"https:\/\/www.fuzeau.com\/blog\/wp-content\/uploads\/2024\/12\/LES-PERCUSSIONS-CORPORELLES-OUTIL-D-EXPRESSION-ET-DE-COORDINATION-POUR-LES-ELEVES_2.png\" \/>\n\t<meta property=\"og:image:width\" content=\"500\" \/>\n\t<meta property=\"og:image:height\" content=\"500\" \/>\n\t<meta property=\"og:image:type\" content=\"image\/png\" \/>\n<meta name=\"author\" content=\"superadmin\" \/>\n<meta name=\"twitter:card\" content=\"summary_large_image\" \/>\n<meta name=\"twitter:label1\" content=\"\u00c9crit par\" \/>\n\t<meta name=\"twitter:data1\" content=\"superadmin\" \/>\n\t<meta name=\"twitter:label2\" content=\"Dur\u00e9e de lecture estim\u00e9e\" \/>\n\t<meta name=\"twitter:data2\" content=\"5 minutes\" \/>\n<script type=\"application\/ld+json\" class=\"yoast-schema-graph\">{\"@context\":\"https:\/\/schema.org\",\"@graph\":[{\"@type\":\"Article\",\"@id\":\"https:\/\/www.fuzeau.com\/blog\/les-percussions-corporelles-outil-d-expression-et-de-coordination-pour-les-eleves\/#article\",\"isPartOf\":{\"@id\":\"https:\/\/www.fuzeau.com\/blog\/les-percussions-corporelles-outil-d-expression-et-de-coordination-pour-les-eleves\/\"},\"author\":{\"name\":\"superadmin\",\"@id\":\"https:\/\/www.fuzeau.com\/blog\/#\/schema\/person\/7c0e77419f010bbd67f69c9c4b751992\"},\"headline\":\"Les percussions corporelles : un outil d&rsquo;expression et de coordination pour les \u00e9l\u00e8ves\",\"datePublished\":\"2024-12-10T08:48:24+00:00\",\"dateModified\":\"2025-09-23T07:48:19+00:00\",\"mainEntityOfPage\":{\"@id\":\"https:\/\/www.fuzeau.com\/blog\/les-percussions-corporelles-outil-d-expression-et-de-coordination-pour-les-eleves\/\"},\"wordCount\":922,\"commentCount\":0,\"publisher\":{\"@id\":\"https:\/\/www.fuzeau.com\/blog\/#organization\"},\"image\":{\"@id\":\"https:\/\/www.fuzeau.com\/blog\/les-percussions-corporelles-outil-d-expression-et-de-coordination-pour-les-eleves\/#primaryimage\"},\"thumbnailUrl\":\"https:\/\/www.fuzeau.com\/blog\/wp-content\/uploads\/2024\/12\/LES-PERCUSSIONS-CORPORELLES-OUTIL-D-EXPRESSION-ET-DE-COORDINATION-POUR-LES-ELEVES_2.png\",\"keywords\":[\"\u00c9cole\",\"MUSIQUE\",\"Niveau 1\",\"P\u00e9dagogie\",\"Percussions\",\"Primaire\"],\"articleSection\":[\"\u00c9veil musical\"],\"inLanguage\":\"fr-FR\",\"potentialAction\":[{\"@type\":\"CommentAction\",\"name\":\"Comment\",\"target\":[\"https:\/\/www.fuzeau.com\/blog\/les-percussions-corporelles-outil-d-expression-et-de-coordination-pour-les-eleves\/#respond\"]}]},{\"@type\":\"WebPage\",\"@id\":\"https:\/\/www.fuzeau.com\/blog\/les-percussions-corporelles-outil-d-expression-et-de-coordination-pour-les-eleves\/\",\"url\":\"https:\/\/www.fuzeau.com\/blog\/les-percussions-corporelles-outil-d-expression-et-de-coordination-pour-les-eleves\/\",\"name\":\"Les percussions corporelles : un outil d'expression et de coordination pour les \u00e9l\u00e8ves - Fuzeau - blog\",\"isPartOf\":{\"@id\":\"https:\/\/www.fuzeau.com\/blog\/#website\"},\"primaryImageOfPage\":{\"@id\":\"https:\/\/www.fuzeau.com\/blog\/les-percussions-corporelles-outil-d-expression-et-de-coordination-pour-les-eleves\/#primaryimage\"},\"image\":{\"@id\":\"https:\/\/www.fuzeau.com\/blog\/les-percussions-corporelles-outil-d-expression-et-de-coordination-pour-les-eleves\/#primaryimage\"},\"thumbnailUrl\":\"https:\/\/www.fuzeau.com\/blog\/wp-content\/uploads\/2024\/12\/LES-PERCUSSIONS-CORPORELLES-OUTIL-D-EXPRESSION-ET-DE-COORDINATION-POUR-LES-ELEVES_2.png\",\"datePublished\":\"2024-12-10T08:48:24+00:00\",\"dateModified\":\"2025-09-23T07:48:19+00:00\",\"breadcrumb\":{\"@id\":\"https:\/\/www.fuzeau.com\/blog\/les-percussions-corporelles-outil-d-expression-et-de-coordination-pour-les-eleves\/#breadcrumb\"},\"inLanguage\":\"fr-FR\",\"potentialAction\":[{\"@type\":\"ReadAction\",\"target\":[\"https:\/\/www.fuzeau.com\/blog\/les-percussions-corporelles-outil-d-expression-et-de-coordination-pour-les-eleves\/\"]}]},{\"@type\":\"ImageObject\",\"inLanguage\":\"fr-FR\",\"@id\":\"https:\/\/www.fuzeau.com\/blog\/les-percussions-corporelles-outil-d-expression-et-de-coordination-pour-les-eleves\/#primaryimage\",\"url\":\"https:\/\/www.fuzeau.com\/blog\/wp-content\/uploads\/2024\/12\/LES-PERCUSSIONS-CORPORELLES-OUTIL-D-EXPRESSION-ET-DE-COORDINATION-POUR-LES-ELEVES_2.png\",\"contentUrl\":\"https:\/\/www.fuzeau.com\/blog\/wp-content\/uploads\/2024\/12\/LES-PERCUSSIONS-CORPORELLES-OUTIL-D-EXPRESSION-ET-DE-COORDINATION-POUR-LES-ELEVES_2.png\",\"width\":500,\"height\":500},{\"@type\":\"BreadcrumbList\",\"@id\":\"https:\/\/www.fuzeau.com\/blog\/les-percussions-corporelles-outil-d-expression-et-de-coordination-pour-les-eleves\/#breadcrumb\",\"itemListElement\":[{\"@type\":\"ListItem\",\"position\":1,\"name\":\"Guide\",\"item\":\"https:\/\/www.fuzeau.com\/blog\/\"},{\"@type\":\"ListItem\",\"position\":2,\"name\":\"\u00c9veil musical\",\"item\":\"https:\/\/www.fuzeau.com\/blog\/category\/eveil-musical\/\"},{\"@type\":\"ListItem\",\"position\":3,\"name\":\"Les percussions corporelles : un outil d&rsquo;expression et de coordination pour les \u00e9l\u00e8ves\"}]},{\"@type\":\"WebSite\",\"@id\":\"https:\/\/www.fuzeau.com\/blog\/#website\",\"url\":\"https:\/\/www.fuzeau.com\/blog\/\",\"name\":\"Fuzeau - blog\",\"description\":\"Le blog de l&#039;\u00e9veil musical | Fuzeau\",\"publisher\":{\"@id\":\"https:\/\/www.fuzeau.com\/blog\/#organization\"},\"potentialAction\":[{\"@type\":\"SearchAction\",\"target\":{\"@type\":\"EntryPoint\",\"urlTemplate\":\"https:\/\/www.fuzeau.com\/blog\/?s={search_term_string}\"},\"query-input\":{\"@type\":\"PropertyValueSpecification\",\"valueRequired\":true,\"valueName\":\"search_term_string\"}}],\"inLanguage\":\"fr-FR\"},{\"@type\":\"Organization\",\"@id\":\"https:\/\/www.fuzeau.com\/blog\/#organization\",\"name\":\"Fuzeau - blog\",\"url\":\"https:\/\/www.fuzeau.com\/blog\/\",\"logo\":{\"@type\":\"ImageObject\",\"inLanguage\":\"fr-FR\",\"@id\":\"https:\/\/www.fuzeau.com\/blog\/#\/schema\/logo\/image\/\",\"url\":\"https:\/\/www.fuzeau.com\/blog\/wp-content\/uploads\/2023\/10\/logo-fuzeau.png\",\"contentUrl\":\"https:\/\/www.fuzeau.com\/blog\/wp-content\/uploads\/2023\/10\/logo-fuzeau.png\",\"width\":300,\"height\":123,\"caption\":\"Fuzeau - blog\"},\"image\":{\"@id\":\"https:\/\/www.fuzeau.com\/blog\/#\/schema\/logo\/image\/\"}},{\"@type\":\"Person\",\"@id\":\"https:\/\/www.fuzeau.com\/blog\/#\/schema\/person\/7c0e77419f010bbd67f69c9c4b751992\",\"name\":\"superadmin\",\"image\":{\"@type\":\"ImageObject\",\"inLanguage\":\"fr-FR\",\"@id\":\"https:\/\/www.fuzeau.com\/blog\/#\/schema\/person\/image\/\",\"url\":\"https:\/\/secure.gravatar.com\/avatar\/48d8823e7de72996ed89e22a7cbe18c6?s=96&d=mm&r=g\",\"contentUrl\":\"https:\/\/secure.gravatar.com\/avatar\/48d8823e7de72996ed89e22a7cbe18c6?s=96&d=mm&r=g\",\"caption\":\"superadmin\"},\"sameAs\":[\"https:\/\/blog.fuzeau.com\"],\"url\":\"https:\/\/www.fuzeau.com\/blog\/author\/superadmin\/\"}]}<\/script>\n<!-- \/ Yoast SEO plugin. -->","yoast_head_json":{"title":"Les percussions corporelles : un outil d'expression et de coordination pour les \u00e9l\u00e8ves - Fuzeau - blog","robots":{"index":"index","follow":"follow","max-snippet":"max-snippet:-1","max-image-preview":"max-image-preview:large","max-video-preview":"max-video-preview:-1"},"canonical":"https:\/\/www.fuzeau.com\/blog\/les-percussions-corporelles-outil-d-expression-et-de-coordination-pour-les-eleves\/","og_locale":"fr_FR","og_type":"article","og_title":"Les percussions corporelles : un outil d'expression et de coordination pour les \u00e9l\u00e8ves - Fuzeau - blog","og_description":"Parmi les approches innovantes et accessibles, les percussions corporelles se distinguent par leur simplicit\u00e9 de mise en \u0153uvre. Sans n\u00e9cessiter d&rsquo;instruments co\u00fbteux, cette pratique permet d&rsquo;explorer leur sens du rythme, d&rsquo;exprimer leurs \u00e9motions et d&rsquo;am\u00e9liorer leur coordination. Dans cet article, nous d\u00e9couvrons comment cet art peut transformer une classe en v\u00e9ritable orchestre vivant et comment&hellip; Poursuivre la lecture Les percussions corporelles : un outil d&rsquo;expression et de coordination pour les \u00e9l\u00e8ves","og_url":"https:\/\/www.fuzeau.com\/blog\/les-percussions-corporelles-outil-d-expression-et-de-coordination-pour-les-eleves\/","og_site_name":"Fuzeau - blog","article_published_time":"2024-12-10T08:48:24+00:00","article_modified_time":"2025-09-23T07:48:19+00:00","og_image":[{"width":500,"height":500,"url":"https:\/\/www.fuzeau.com\/blog\/wp-content\/uploads\/2024\/12\/LES-PERCUSSIONS-CORPORELLES-OUTIL-D-EXPRESSION-ET-DE-COORDINATION-POUR-LES-ELEVES_2.png","type":"image\/png"}],"author":"superadmin","twitter_card":"summary_large_image","twitter_misc":{"\u00c9crit par":"superadmin","Dur\u00e9e de lecture estim\u00e9e":"5 minutes"},"schema":{"@context":"https:\/\/schema.org","@graph":[{"@type":"Article","@id":"https:\/\/www.fuzeau.com\/blog\/les-percussions-corporelles-outil-d-expression-et-de-coordination-pour-les-eleves\/#article","isPartOf":{"@id":"https:\/\/www.fuzeau.com\/blog\/les-percussions-corporelles-outil-d-expression-et-de-coordination-pour-les-eleves\/"},"author":{"name":"superadmin","@id":"https:\/\/www.fuzeau.com\/blog\/#\/schema\/person\/7c0e77419f010bbd67f69c9c4b751992"},"headline":"Les percussions corporelles : un outil d&rsquo;expression et de coordination pour les \u00e9l\u00e8ves","datePublished":"2024-12-10T08:48:24+00:00","dateModified":"2025-09-23T07:48:19+00:00","mainEntityOfPage":{"@id":"https:\/\/www.fuzeau.com\/blog\/les-percussions-corporelles-outil-d-expression-et-de-coordination-pour-les-eleves\/"},"wordCount":922,"commentCount":0,"publisher":{"@id":"https:\/\/www.fuzeau.com\/blog\/#organization"},"image":{"@id":"https:\/\/www.fuzeau.com\/blog\/les-percussions-corporelles-outil-d-expression-et-de-coordination-pour-les-eleves\/#primaryimage"},"thumbnailUrl":"https:\/\/www.fuzeau.com\/blog\/wp-content\/uploads\/2024\/12\/LES-PERCUSSIONS-CORPORELLES-OUTIL-D-EXPRESSION-ET-DE-COORDINATION-POUR-LES-ELEVES_2.png","keywords":["\u00c9cole","MUSIQUE","Niveau 1","P\u00e9dagogie","Percussions","Primaire"],"articleSection":["\u00c9veil musical"],"inLanguage":"fr-FR","potentialAction":[{"@type":"CommentAction","name":"Comment","target":["https:\/\/www.fuzeau.com\/blog\/les-percussions-corporelles-outil-d-expression-et-de-coordination-pour-les-eleves\/#respond"]}]},{"@type":"WebPage","@id":"https:\/\/www.fuzeau.com\/blog\/les-percussions-corporelles-outil-d-expression-et-de-coordination-pour-les-eleves\/","url":"https:\/\/www.fuzeau.com\/blog\/les-percussions-corporelles-outil-d-expression-et-de-coordination-pour-les-eleves\/","name":"Les percussions corporelles : un outil d'expression et de coordination pour les \u00e9l\u00e8ves - Fuzeau - blog","isPartOf":{"@id":"https:\/\/www.fuzeau.com\/blog\/#website"},"primaryImageOfPage":{"@id":"https:\/\/www.fuzeau.com\/blog\/les-percussions-corporelles-outil-d-expression-et-de-coordination-pour-les-eleves\/#primaryimage"},"image":{"@id":"https:\/\/www.fuzeau.com\/blog\/les-percussions-corporelles-outil-d-expression-et-de-coordination-pour-les-eleves\/#primaryimage"},"thumbnailUrl":"https:\/\/www.fuzeau.com\/blog\/wp-content\/uploads\/2024\/12\/LES-PERCUSSIONS-CORPORELLES-OUTIL-D-EXPRESSION-ET-DE-COORDINATION-POUR-LES-ELEVES_2.png","datePublished":"2024-12-10T08:48:24+00:00","dateModified":"2025-09-23T07:48:19+00:00","breadcrumb":{"@id":"https:\/\/www.fuzeau.com\/blog\/les-percussions-corporelles-outil-d-expression-et-de-coordination-pour-les-eleves\/#breadcrumb"},"inLanguage":"fr-FR","potentialAction":[{"@type":"ReadAction","target":["https:\/\/www.fuzeau.com\/blog\/les-percussions-corporelles-outil-d-expression-et-de-coordination-pour-les-eleves\/"]}]},{"@type":"ImageObject","inLanguage":"fr-FR","@id":"https:\/\/www.fuzeau.com\/blog\/les-percussions-corporelles-outil-d-expression-et-de-coordination-pour-les-eleves\/#primaryimage","url":"https:\/\/www.fuzeau.com\/blog\/wp-content\/uploads\/2024\/12\/LES-PERCUSSIONS-CORPORELLES-OUTIL-D-EXPRESSION-ET-DE-COORDINATION-POUR-LES-ELEVES_2.png","contentUrl":"https:\/\/www.fuzeau.com\/blog\/wp-content\/uploads\/2024\/12\/LES-PERCUSSIONS-CORPORELLES-OUTIL-D-EXPRESSION-ET-DE-COORDINATION-POUR-LES-ELEVES_2.png","width":500,"height":500},{"@type":"BreadcrumbList","@id":"https:\/\/www.fuzeau.com\/blog\/les-percussions-corporelles-outil-d-expression-et-de-coordination-pour-les-eleves\/#breadcrumb","itemListElement":[{"@type":"ListItem","position":1,"name":"Guide","item":"https:\/\/www.fuzeau.com\/blog\/"},{"@type":"ListItem","position":2,"name":"\u00c9veil musical","item":"https:\/\/www.fuzeau.com\/blog\/category\/eveil-musical\/"},{"@type":"ListItem","position":3,"name":"Les percussions corporelles : un outil d&rsquo;expression et de coordination pour les \u00e9l\u00e8ves"}]},{"@type":"WebSite","@id":"https:\/\/www.fuzeau.com\/blog\/#website","url":"https:\/\/www.fuzeau.com\/blog\/","name":"Fuzeau - blog","description":"Le blog de l&#039;\u00e9veil musical | Fuzeau","publisher":{"@id":"https:\/\/www.fuzeau.com\/blog\/#organization"},"potentialAction":[{"@type":"SearchAction","target":{"@type":"EntryPoint","urlTemplate":"https:\/\/www.fuzeau.com\/blog\/?s={search_term_string}"},"query-input":{"@type":"PropertyValueSpecification","valueRequired":true,"valueName":"search_term_string"}}],"inLanguage":"fr-FR"},{"@type":"Organization","@id":"https:\/\/www.fuzeau.com\/blog\/#organization","name":"Fuzeau - blog","url":"https:\/\/www.fuzeau.com\/blog\/","logo":{"@type":"ImageObject","inLanguage":"fr-FR","@id":"https:\/\/www.fuzeau.com\/blog\/#\/schema\/logo\/image\/","url":"https:\/\/www.fuzeau.com\/blog\/wp-content\/uploads\/2023\/10\/logo-fuzeau.png","contentUrl":"https:\/\/www.fuzeau.com\/blog\/wp-content\/uploads\/2023\/10\/logo-fuzeau.png","width":300,"height":123,"caption":"Fuzeau - blog"},"image":{"@id":"https:\/\/www.fuzeau.com\/blog\/#\/schema\/logo\/image\/"}},{"@type":"Person","@id":"https:\/\/www.fuzeau.com\/blog\/#\/schema\/person\/7c0e77419f010bbd67f69c9c4b751992","name":"superadmin","image":{"@type":"ImageObject","inLanguage":"fr-FR","@id":"https:\/\/www.fuzeau.com\/blog\/#\/schema\/person\/image\/","url":"https:\/\/secure.gravatar.com\/avatar\/48d8823e7de72996ed89e22a7cbe18c6?s=96&d=mm&r=g","contentUrl":"https:\/\/secure.gravatar.com\/avatar\/48d8823e7de72996ed89e22a7cbe18c6?s=96&d=mm&r=g","caption":"superadmin"},"sameAs":["https:\/\/blog.fuzeau.com"],"url":"https:\/\/www.fuzeau.com\/blog\/author\/superadmin\/"}]}},"_links":{"self":[{"href":"https:\/\/www.fuzeau.com\/blog\/wp-json\/wp\/v2\/posts\/1028","targetHints":{"allow":["GET"]}}],"collection":[{"href":"https:\/\/www.fuzeau.com\/blog\/wp-json\/wp\/v2\/posts"}],"about":[{"href":"https:\/\/www.fuzeau.com\/blog\/wp-json\/wp\/v2\/types\/post"}],"author":[{"embeddable":true,"href":"https:\/\/www.fuzeau.com\/blog\/wp-json\/wp\/v2\/users\/1"}],"replies":[{"embeddable":true,"href":"https:\/\/www.fuzeau.com\/blog\/wp-json\/wp\/v2\/comments?post=1028"}],"version-history":[{"count":11,"href":"https:\/\/www.fuzeau.com\/blog\/wp-json\/wp\/v2\/posts\/1028\/revisions"}],"predecessor-version":[{"id":2144,"href":"https:\/\/www.fuzeau.com\/blog\/wp-json\/wp\/v2\/posts\/1028\/revisions\/2144"}],"wp:featuredmedia":[{"embeddable":true,"href":"https:\/\/www.fuzeau.com\/blog\/wp-json\/wp\/v2\/media\/1031"}],"wp:attachment":[{"href":"https:\/\/www.fuzeau.com\/blog\/wp-json\/wp\/v2\/media?parent=1028"}],"wp:term":[{"taxonomy":"category","embeddable":true,"href":"https:\/\/www.fuzeau.com\/blog\/wp-json\/wp\/v2\/categories?post=1028"},{"taxonomy":"post_tag","embeddable":true,"href":"https:\/\/www.fuzeau.com\/blog\/wp-json\/wp\/v2\/tags?post=1028"}],"curies":[{"name":"wp","href":"https:\/\/api.w.org\/{rel}","templated":true}]}}