{"id":1018,"date":"2024-11-26T09:15:52","date_gmt":"2024-11-26T08:15:52","guid":{"rendered":"https:\/\/www.fuzeau.com\/blog\/?p=1018"},"modified":"2025-08-18T10:58:48","modified_gmt":"2025-08-18T08:58:48","slug":"comment-integrer-la-musique-dans-les-projets-interdisciplinaires-en-primaire","status":"publish","type":"post","link":"https:\/\/www.fuzeau.com\/blog\/comment-integrer-la-musique-dans-les-projets-interdisciplinaires-en-primaire\/","title":{"rendered":"Comment int\u00e9grer la musique dans les projets interdisciplinaire en primaire ?"},"content":{"rendered":"\t\t<div data-elementor-type=\"wp-post\" data-elementor-id=\"1018\" class=\"elementor elementor-1018\" data-elementor-post-type=\"post\">\n\t\t\t\t\t\t<section class=\"elementor-section elementor-top-section elementor-element elementor-element-5a43dd16 elementor-section-boxed elementor-section-height-default elementor-section-height-default\" data-id=\"5a43dd16\" data-element_type=\"section\">\n\t\t\t\t\t\t<div class=\"elementor-container elementor-column-gap-default\">\n\t\t\t\t\t<div class=\"elementor-column elementor-col-100 elementor-top-column elementor-element elementor-element-1ea0e876\" data-id=\"1ea0e876\" data-element_type=\"column\">\n\t\t\t<div class=\"elementor-widget-wrap elementor-element-populated\">\n\t\t\t\t\t\t<div class=\"elementor-element elementor-element-a8f709a elementor-widget elementor-widget-shortcode\" data-id=\"a8f709a\" data-element_type=\"widget\" data-widget_type=\"shortcode.default\">\n\t\t\t\t<div class=\"elementor-widget-container\">\n\t\t\t\t\t<div class=\"elementor-shortcode\"><span><span><a href=\"https:\/\/www.fuzeau.com\/blog\/\">Guide<\/a><\/span><\/span><\/div>\n\t\t\t\t<\/div>\n\t\t\t\t<\/div>\n\t\t\t\t<div class=\"elementor-element elementor-element-f11949f elementor-widget elementor-widget-text-editor\" data-id=\"f11949f\" data-element_type=\"widget\" data-widget_type=\"text-editor.default\">\n\t\t\t\t<div class=\"elementor-widget-container\">\n\t\t\t<style>\/*! elementor - v3.22.0 - 26-06-2024 *\/\n.elementor-widget-text-editor.elementor-drop-cap-view-stacked .elementor-drop-cap{background-color:#69727d;color:#fff}.elementor-widget-text-editor.elementor-drop-cap-view-framed .elementor-drop-cap{color:#69727d;border:3px solid;background-color:transparent}.elementor-widget-text-editor:not(.elementor-drop-cap-view-default) .elementor-drop-cap{margin-top:8px}.elementor-widget-text-editor:not(.elementor-drop-cap-view-default) .elementor-drop-cap-letter{width:1em;height:1em}.elementor-widget-text-editor .elementor-drop-cap{float:left;text-align:center;line-height:1;font-size:50px}.elementor-widget-text-editor .elementor-drop-cap-letter{display:inline-block}<\/style>\t\t\t\t<p>La musique, nous le pensons, doit occuper une place centrale dans l&rsquo;\u00e9ducation. Plus qu&rsquo;une mati\u00e8re artistique, elle peut (elle doit ?) agir en transversalit\u00e9 avec d&rsquo;autres disciplines et favoriser, ainsi, un apprentissage global et dynamique. Permettre, aussi, de renforcer la cr\u00e9ativit\u00e9 et la participation des jeunes \u00e9l\u00e8ves.<br \/><br \/>Cet article vise \u00e0 explorer les multiples possibilit\u00e9s d&rsquo;associer la musique aux mati\u00e8res scolaires, pour des cours \u00e0 la fois stimulants et enrichissants.<br \/><br \/>Quelques id\u00e9es, en passant\u2026<\/p>\t\t\t\t\t\t<\/div>\n\t\t\t\t<\/div>\n\t\t\t\t<div class=\"elementor-element elementor-element-43e5159 elementor-widget elementor-widget-heading\" data-id=\"43e5159\" data-element_type=\"widget\" data-widget_type=\"heading.default\">\n\t\t\t\t<div class=\"elementor-widget-container\">\n\t\t\t<style>\/*! elementor - v3.22.0 - 26-06-2024 *\/\n.elementor-heading-title{padding:0;margin:0;line-height:1}.elementor-widget-heading .elementor-heading-title[class*=elementor-size-]>a{color:inherit;font-size:inherit;line-height:inherit}.elementor-widget-heading .elementor-heading-title.elementor-size-small{font-size:15px}.elementor-widget-heading .elementor-heading-title.elementor-size-medium{font-size:19px}.elementor-widget-heading .elementor-heading-title.elementor-size-large{font-size:29px}.elementor-widget-heading .elementor-heading-title.elementor-size-xl{font-size:39px}.elementor-widget-heading .elementor-heading-title.elementor-size-xxl{font-size:59px}<\/style><h2 class=\"elementor-heading-title elementor-size-default\">Pourquoi int\u00e9grer la musique dans un projet interdisciplinaire ?<\/h2>\t\t<\/div>\n\t\t\t\t<\/div>\n\t\t\t\t<div class=\"elementor-element elementor-element-118c957 elementor-widget elementor-widget-text-editor\" data-id=\"118c957\" data-element_type=\"widget\" data-widget_type=\"text-editor.default\">\n\t\t\t\t<div class=\"elementor-widget-container\">\n\t\t\t\t\t\t\t<p><strong>D\u00e9veloppement cognitif<\/strong><br \/>La musique stimule plusieurs zones du cerveau. Elle am\u00e9liore la m\u00e9moire, la concentration et l\u2019apprentissage. Par exemple, \u00e9couter une m\u00e9lodie rythm\u00e9e peut renforcer les connexions neuronales li\u00e9es aux math\u00e9matiques ou \u00e0 la logique. En jouant ou en chantant, les \u00e9l\u00e8ves mobilisent leur attention tout en d\u00e9veloppant leur cr\u00e9ativit\u00e9.<br \/><br \/><strong>Motivation et engagement des \u00e9l\u00e8ves<\/strong><br \/>Son aspect ludique capte l\u2019attention des enfants, privil\u00e9giant leur curiosit\u00e9 pour des sujets parfois per\u00e7us comme moins attrayants. En liant musique et apprentissage, les \u00e9l\u00e8ves sont plus enclins \u00e0 s\u2019impliquer activement, qu\u2019il s\u2019agisse de r\u00e9soudre des probl\u00e8mes math\u00e9matiques ou de raconter une histoire.<br \/><br \/><strong>Favoriser l\u2019expression personnelle et collective<\/strong><br \/>La musique est un puissant outil d\u2019expression. Elle offre aux \u00e9l\u00e8ves un moyen de partager leurs \u00e9motions et leurs id\u00e9es tout en renfor\u00e7ant leur capacit\u00e9 \u00e0 collaborer avec leurs pairs. Que ce soit en groupe ou individuellement, la musique encourage un esprit de coh\u00e9sion et de respect mutuel.<\/p>\t\t\t\t\t\t<\/div>\n\t\t\t\t<\/div>\n\t\t\t\t<div class=\"elementor-element elementor-element-321afd2 elementor-widget elementor-widget-heading\" data-id=\"321afd2\" data-element_type=\"widget\" data-widget_type=\"heading.default\">\n\t\t\t\t<div class=\"elementor-widget-container\">\n\t\t\t<h2 class=\"elementor-heading-title elementor-size-default\">Exemples de projets interdisciplinaires int\u00e9grant la musique<\/h2>\t\t<\/div>\n\t\t\t\t<\/div>\n\t\t\t\t<div class=\"elementor-element elementor-element-b88a8c6 elementor-widget elementor-widget-text-editor\" data-id=\"b88a8c6\" data-element_type=\"widget\" data-widget_type=\"text-editor.default\">\n\t\t\t\t<div class=\"elementor-widget-container\">\n\t\t\t\t\t\t\t<p><strong>Projet \u00ab La musique et la nature \u00bb (Sciences et \u00e9ducation \u00e0 l\u2019environnement)<\/strong><br \/>\u2022 Cr\u00e9ez des sons avec des \u00e9l\u00e9ments naturels (feuilles, bois, eau) pour explorer le lien entre son et environnement.<br \/>\u2022 Analysez des ph\u00e9nom\u00e8nes sonores naturels comme <a href=\"https:\/\/www.fuzeau.com\/musique\/21027-appeaux-sifflets-animaux\" target=\"_blank\" rel=\"noopener\">les chants d\u2019oiseaux<\/a> ou <a href=\"https:\/\/www.fuzeau.com\/musique\/p\/161-tuyau-harmonique.html\" target=\"_blank\" rel=\"noopener\">le bruit du vent<\/a> pour sensibiliser \u00e0 la biodiversit\u00e9.<br \/><br \/><\/p><p><strong>Projet \u00ab Raconte-moi la musique \u00bb (Fran\u00e7ais et expression orale)<\/strong><br \/>\u2022 Utilisez des chansons ou <a href=\"https:\/\/www.fuzeau.com\/musique\/p\/1574-colorzik-comptines.html\" target=\"_blank\" rel=\"noopener\">des comptines<\/a> pour renforcer le vocabulaire et la syntaxe.<br \/>\u2022 Proposez des cr\u00e9ations : les \u00e9l\u00e8ves \u00e9crivent un po\u00e8me ou une histoire qu\u2019ils mettent en musique, en chantant, slamant ou en jouant avec des petites percussions.<br \/><br \/><\/p><p><strong>Projet \u00ab Voyage dans le temps en musique \u00bb (Histoire et cultures du monde)<\/strong><br \/>\u2022 <a href=\"https:\/\/www.fuzeau.com\/musique\/p\/754-le-monde-des-instruments-coffret-cd.html\" target=\"_blank\" rel=\"noopener\">\u00c9tudiez des instruments<\/a> et styles musicaux issus de diff\u00e9rentes \u00e9poques.<br \/>\u2022 Reliez musique et contexte historique en interpr\u00e9tant des chansons embl\u00e9matiques ou en analysant leur influence culturelle.<br \/><br \/><\/p><p><strong>Projet \u00ab Math\u00e9matiques et percussions \u00bb<\/strong><br \/>\u2022 En utilisant des percussions, enseignez les fractions et les rythmes. Par exemple, diviser une mesure en diff\u00e9rentes parties aide \u00e0 visualiser et \u00e0 comprendre les notions de demi, tiers ou quart.<br \/><br \/><\/p><p><strong>Projet \u00ab Fabrication d\u2019objet sonore \u00bb (Sciences et technologie)<\/strong><br \/>\u2022 Construisez des objets sonores simples (tambours, fl\u00fbtes de pan) pour comprendre le ph\u00e9nom\u00e8ne de la production sonore et de la r\u00e9sonance.<\/p>\t\t\t\t\t\t<\/div>\n\t\t\t\t<\/div>\n\t\t\t\t<div class=\"elementor-element elementor-element-945abf8 elementor-widget elementor-widget-heading\" data-id=\"945abf8\" data-element_type=\"widget\" data-widget_type=\"heading.default\">\n\t\t\t\t<div class=\"elementor-widget-container\">\n\t\t\t<h2 class=\"elementor-heading-title elementor-size-default\">Quelles ressources pour cr\u00e9er des activit\u00e9s musicales interdisciplinaires<\/h2>\t\t<\/div>\n\t\t\t\t<\/div>\n\t\t\t\t<div class=\"elementor-element elementor-element-4214674 elementor-widget__width-initial elementor-widget elementor-widget-text-editor\" data-id=\"4214674\" data-element_type=\"widget\" data-widget_type=\"text-editor.default\">\n\t\t\t\t<div class=\"elementor-widget-container\">\n\t\t\t\t\t\t\t<p><strong>Instruments et outils p\u00e9dagogiques<\/strong><br \/>Privil\u00e9giez des instruments simples comme <a href=\"https:\/\/www.fuzeau.com\/musique\/21160-carillons\" target=\"_blank\" rel=\"noopener\">les carillons<\/a>, <a href=\"https:\/\/www.fuzeau.com\/musique\/21143-tambourins\" target=\"_blank\" rel=\"noopener\">tambourins<\/a> ou <a href=\"https:\/\/www.fuzeau.com\/musique\/21047-boomwhackers-tubes-sonores\" target=\"_blank\" rel=\"noopener\">Boomwhackers<\/a>, qui sont faciles \u00e0 manipuler par les enfants. Ces outils favorisent une approche intuitive et interactive de la musique.<br \/><br \/><strong>Ressources des \u00e9ditions Fuzeau<\/strong><br \/>\u2022 <a href=\"https:\/\/www.fuzeau.com\/musique\/21009-malles-et-ensembles-d-instruments\" target=\"_blank\" rel=\"noopener\">Malle d\u2019\u00e9veil musical<\/a> : pour initier les \u00e9l\u00e8ves aux bases de la musique avec des instruments vari\u00e9s.<br \/>\u2022 <a href=\"https:\/\/www.fuzeau.com\/musique\/2115-partitions-colorees\" target=\"_blank\" rel=\"noopener\">ColorZik<\/a> : des partitions color\u00e9es qui permettent de jouer de la musique avec un concept de lecture bas\u00e9 sur les couleurs des notes.<br \/>\u2022 <a href=\"https:\/\/www.fuzeau.com\/musique\/p\/1628-tutofuz-mon-coach-musicien-petites-percussions.html\" target=\"_blank\" rel=\"noopener\">TutoFuz<\/a> : une ressource qui combine lecture, codage et jeu instrumental pour des projets transversaux captivants. Syst\u00e8me dynamique inspir\u00e9 du karaok\u00e9.<\/p>\t\t\t\t\t\t<\/div>\n\t\t\t\t<\/div>\n\t\t\t\t<div class=\"elementor-element elementor-element-09a8f4d elementor-widget elementor-widget-shortcode\" data-id=\"09a8f4d\" data-element_type=\"widget\" data-widget_type=\"shortcode.default\">\n\t\t\t\t<div class=\"elementor-widget-container\">\n\t\t\t\t\t<div class=\"elementor-shortcode\"><div class=\"row ppgbo_row ppgbo_product_1\">\n    \n    <div class=\"product col-6\">\n        <a class=\"product_link\" target=\"_blank\" href=\"https:\/\/www.fuzeau.com\/musique\/p\/1683-livret-cd-colorzik-pop-rock-dance.html\">COLORZIK POP, ROCK &amp; DANCE<\/a><img fetchpriority=\"high\" decoding=\"async\" class=\"product_image\" src=\"https:\/\/www.fuzeau.com\/musique\/9295-medium_default\/1.jpg\"  alt=\"COLORZIK POP, ROCK &amp; DANCE\" width=\"250\" height=\"250\" \/><h4 class=\"product_name\">COLORZIK POP, ROCK &amp; DANCE<\/h4><span class=\"product_price\">24.90\u20ac<\/span><div class=\"btn btn-default\">Voir le produit<\/div>    <\/div>\n    \n    \n    <div class=\"product col-6\">\n        <a class=\"product_link\" target=\"_blank\" href=\"https:\/\/www.fuzeau.com\/musique\/p\/1628-tutofuz-mon-coach-musicien-petites-percussions.html\">TUTOFUZ&#039; MON COACH MUSICIEN<\/a><img decoding=\"async\" class=\"product_image\" src=\"https:\/\/www.fuzeau.com\/musique\/2914-medium_default\/1.jpg\"  alt=\"TUTOFUZ&#039; MON COACH MUSICIEN\" width=\"250\" height=\"250\" \/><h4 class=\"product_name\">TUTOFUZ&#039; MON COACH MUSICIEN<\/h4><span class=\"product_price\">29.00\u20ac<\/span><div class=\"btn btn-default\">Voir le produit<\/div>    <\/div>\n    \n    <\/div>\n<div class=\"clear\"><\/div><\/div>\n\t\t\t\t<\/div>\n\t\t\t\t<\/div>\n\t\t\t\t<div class=\"elementor-element elementor-element-10e44fa elementor-widget elementor-widget-heading\" data-id=\"10e44fa\" data-element_type=\"widget\" data-widget_type=\"heading.default\">\n\t\t\t\t<div class=\"elementor-widget-container\">\n\t\t\t<h2 class=\"elementor-heading-title elementor-size-default\">Conseils pour une int\u00e9gration r\u00e9ussie de la musique dans les projets interdisciplinaires<\/h2>\t\t<\/div>\n\t\t\t\t<\/div>\n\t\t\t\t<div class=\"elementor-element elementor-element-9a9dd42 elementor-widget__width-initial elementor-widget elementor-widget-text-editor\" data-id=\"9a9dd42\" data-element_type=\"widget\" data-widget_type=\"text-editor.default\">\n\t\t\t\t<div class=\"elementor-widget-container\">\n\t\t\t\t\t\t\t<p><strong>Impliquer les \u00e9l\u00e8ves dans le choix musical<\/strong><br \/>Laissez les \u00e9l\u00e8ves s\u00e9lectionner des musiques en lien avec le projet. Cela renforce leur engagement et stimule leur cr\u00e9ativit\u00e9.<br \/><br \/><strong>Adapter les activit\u00e9s au rythme de la classe<\/strong><br \/>Privil\u00e9giez une alternance entre des moments dynamiques (percussions, chants) et des activit\u00e9s plus calmes (\u00e9coute et r\u00e9flexion).<br \/><br \/><strong>Collaborer sous forme de petits groupes<\/strong><br \/>Par exemple, un groupe peut cr\u00e9er une m\u00e9lodie tandis qu\u2019un autre r\u00e9alise les instruments n\u00e9cessaires \u00e0 sa mise en musique. Cette collaboration renforce les \u00e9changes entre \u00e9l\u00e8ves. Le travail d\u2019\u00e9quipe permet de mener des projets de plus grande envergure, o\u00f9 chaque groupe apporte sa touche personnelle.<\/p>\t\t\t\t\t\t<\/div>\n\t\t\t\t<\/div>\n\t\t\t\t<div class=\"elementor-element elementor-element-a9f20a9 elementor-widget elementor-widget-shortcode\" data-id=\"a9f20a9\" data-element_type=\"widget\" data-widget_type=\"shortcode.default\">\n\t\t\t\t<div class=\"elementor-widget-container\">\n\t\t\t\t\t<div class=\"elementor-shortcode\"><div class=\"row ppgbo_row ppgbo_product_1\">\n    \n    <div class=\"product col-6\">\n        <a class=\"product_link\" target=\"_blank\" href=\"https:\/\/www.fuzeau.com\/musique\/p\/784-malle-selection-28-instruments.html\">MALLE SELECTION DE 28 INSTRUMENTS<\/a><img decoding=\"async\" class=\"product_image\" src=\"https:\/\/www.fuzeau.com\/musique\/8476-medium_default\/1.jpg\"  alt=\"MALLE SELECTION DE 28 INSTRUMENTS\" width=\"250\" height=\"250\" \/><h4 class=\"product_name\">MALLE SELECTION DE 28 INSTRUMENTS<\/h4><span class=\"product_price\">249.90\u20ac<\/span><div class=\"btn btn-default\">Voir le produit<\/div>    <\/div>\n    \n    \n    <div class=\"product col-6\">\n        <a class=\"product_link\" target=\"_blank\" href=\"https:\/\/www.fuzeau.com\/musique\/p\/981-carillon-pianot-fuzeau.html\">CARILLON PIANOT&#039; ROUGE<\/a><img loading=\"lazy\" decoding=\"async\" class=\"product_image\" src=\"https:\/\/www.fuzeau.com\/musique\/10227-medium_default\/1.jpg\"  alt=\"CARILLON PIANOT&#039; ROUGE\" width=\"250\" height=\"250\" \/><h4 class=\"product_name\">CARILLON PIANOT&#039; ROUGE<\/h4><span class=\"product_price\">29.90\u20ac<\/span><div class=\"btn btn-default\">Voir le produit<\/div>    <\/div>\n    \n    <\/div>\n<div class=\"clear\"><\/div><\/div>\n\t\t\t\t<\/div>\n\t\t\t\t<\/div>\n\t\t\t\t<div class=\"elementor-element elementor-element-3e4ef17 elementor-widget elementor-widget-heading\" data-id=\"3e4ef17\" data-element_type=\"widget\" data-widget_type=\"heading.default\">\n\t\t\t\t<div class=\"elementor-widget-container\">\n\t\t\t<h2 class=\"elementor-heading-title elementor-size-default\">Les bienfaits \u00e0 long terme des projets interdisciplinaires int\u00e9grant la musique<\/h2>\t\t<\/div>\n\t\t\t\t<\/div>\n\t\t\t\t<div class=\"elementor-element elementor-element-c107aee elementor-widget__width-initial elementor-widget elementor-widget-text-editor\" data-id=\"c107aee\" data-element_type=\"widget\" data-widget_type=\"text-editor.default\">\n\t\t\t\t<div class=\"elementor-widget-container\">\n\t\t\t\t\t\t\t<p>L&rsquo;int\u00e9gration de la musique dans des projets interdisciplinaires enrichit non seulement les apprentissages, mais aussi le d\u00e9veloppement personnel des \u00e9l\u00e8ves. En exp\u00e9rimentant ces approches, les enseignants dynamisent leur pratique tout en ouvrant de nouvelles perspectives p\u00e9dagogiques. Plus la musique trouve sa place dans l\u2019enseignement, plus elle devient un outil puissant pour \u00e9veiller la curiosit\u00e9, renforcer les comp\u00e9tences et inspirer des approches \u00e9ducatives novatrices.<br \/><br \/>Et pourquoi ne pas \u00e9veiller chez un enfant, la passion de d\u00e9couvrir la musique ?<br \/><br \/>On a tant \u00e0 partager !<\/p>\t\t\t\t\t\t<\/div>\n\t\t\t\t<\/div>\n\t\t\t\t<div class=\"elementor-element elementor-element-e9dfea4 elementor-widget elementor-widget-shortcode\" data-id=\"e9dfea4\" data-element_type=\"widget\" data-widget_type=\"shortcode.default\">\n\t\t\t\t<div class=\"elementor-widget-container\">\n\t\t\t\t\t<div class=\"elementor-shortcode\"><div class=\"row ppgbo_row ppgbo_product_1\">\n    \n    <div class=\"product col-6\">\n        <a class=\"product_link\" target=\"_blank\" href=\"https:\/\/www.fuzeau.com\/musique\/p\/1603-educafuz.html\">Livre EDUCAFUZ<\/a><img loading=\"lazy\" decoding=\"async\" class=\"product_image\" src=\"https:\/\/www.fuzeau.com\/musique\/8295-medium_default\/1.jpg\"  alt=\"Livre EDUCAFUZ\" width=\"250\" height=\"250\" \/><h4 class=\"product_name\">Livre EDUCAFUZ<\/h4><span class=\"product_price\">24.90\u20ac<\/span><div class=\"btn btn-default\">Voir le produit<\/div>    <\/div>\n    \n    \n    <div class=\"product col-6\">\n        <a class=\"product_link\" target=\"_blank\" href=\"https:\/\/www.fuzeau.com\/musique\/p\/752-ainsi-font-les-sons-vol-1.html\">LIVRET-CD AINSI FONT LES SONS vol.1<\/a><img loading=\"lazy\" decoding=\"async\" class=\"product_image\" src=\"https:\/\/www.fuzeau.com\/musique\/7991-medium_default\/1.jpg\"  alt=\"LIVRET-CD AINSI FONT LES SONS vol.1\" width=\"250\" height=\"250\" \/><h4 class=\"product_name\">LIVRET-CD AINSI FONT LES SONS vol.1<\/h4><span class=\"product_price\">19.90\u20ac<\/span><div class=\"btn btn-default\">Voir le produit<\/div>    <\/div>\n    \n    <\/div>\n<div class=\"clear\"><\/div><\/div>\n\t\t\t\t<\/div>\n\t\t\t\t<\/div>\n\t\t\t\t<div class=\"elementor-element elementor-element-89d39da elementor-widget elementor-widget-spacer\" data-id=\"89d39da\" data-element_type=\"widget\" data-widget_type=\"spacer.default\">\n\t\t\t\t<div class=\"elementor-widget-container\">\n\t\t\t<style>\/*! elementor - v3.22.0 - 26-06-2024 *\/\n.elementor-column .elementor-spacer-inner{height:var(--spacer-size)}.e-con{--container-widget-width:100%}.e-con-inner>.elementor-widget-spacer,.e-con>.elementor-widget-spacer{width:var(--container-widget-width,var(--spacer-size));--align-self:var(--container-widget-align-self,initial);--flex-shrink:0}.e-con-inner>.elementor-widget-spacer>.elementor-widget-container,.e-con>.elementor-widget-spacer>.elementor-widget-container{height:100%;width:100%}.e-con-inner>.elementor-widget-spacer>.elementor-widget-container>.elementor-spacer,.e-con>.elementor-widget-spacer>.elementor-widget-container>.elementor-spacer{height:100%}.e-con-inner>.elementor-widget-spacer>.elementor-widget-container>.elementor-spacer>.elementor-spacer-inner,.e-con>.elementor-widget-spacer>.elementor-widget-container>.elementor-spacer>.elementor-spacer-inner{height:var(--container-widget-height,var(--spacer-size))}.e-con-inner>.elementor-widget-spacer.elementor-widget-empty,.e-con>.elementor-widget-spacer.elementor-widget-empty{position:relative;min-height:22px;min-width:22px}.e-con-inner>.elementor-widget-spacer.elementor-widget-empty .elementor-widget-empty-icon,.e-con>.elementor-widget-spacer.elementor-widget-empty .elementor-widget-empty-icon{position:absolute;top:0;bottom:0;left:0;right:0;margin:auto;padding:0;width:22px;height:22px}<\/style>\t\t<div class=\"elementor-spacer\">\n\t\t\t<div class=\"elementor-spacer-inner\"><\/div>\n\t\t<\/div>\n\t\t\t\t<\/div>\n\t\t\t\t<\/div>\n\t\t\t\t\t<\/div>\n\t\t<\/div>\n\t\t\t\t\t<\/div>\n\t\t<\/section>\n\t\t\t\t<\/div>\n\t\t","protected":false},"excerpt":{"rendered":"<p>La musique, nous le pensons, doit occuper une place centrale dans l&rsquo;\u00e9ducation. Plus qu&rsquo;une mati\u00e8re artistique, elle peut (elle doit ?) agir en transversalit\u00e9 avec d&rsquo;autres disciplines et favoriser, ainsi, un apprentissage global et dynamique. Permettre, aussi, de renforcer la cr\u00e9ativit\u00e9 et la participation des jeunes \u00e9l\u00e8ves. Cet article vise \u00e0 explorer les multiples possibilit\u00e9s&hellip; <a class=\"more-link\" href=\"https:\/\/www.fuzeau.com\/blog\/comment-integrer-la-musique-dans-les-projets-interdisciplinaires-en-primaire\/\">Poursuivre la lecture <span class=\"screen-reader-text\">Comment int\u00e9grer la musique dans les projets interdisciplinaire en primaire ?<\/span><\/a><\/p>\n","protected":false},"author":1,"featured_media":1020,"comment_status":"open","ping_status":"open","sticky":false,"template":"","format":"standard","meta":{"footnotes":""},"categories":[10],"tags":[62,68,20,15,60,69],"class_list":["post-1018","post","type-post","status-publish","format-standard","has-post-thumbnail","hentry","category-eveil-musical","tag-ecole","tag-interdisciplinarite","tag-musique","tag-niveau-1","tag-pedagogie","tag-primaire","entry"],"yoast_head":"<!-- This site is optimized with the Yoast SEO plugin v24.4 - https:\/\/yoast.com\/wordpress\/plugins\/seo\/ -->\n<title>Comment int\u00e9grer la musique dans les projets interdisciplinaire en primaire ? - Fuzeau - blog<\/title>\n<meta name=\"robots\" content=\"index, follow, max-snippet:-1, max-image-preview:large, max-video-preview:-1\" \/>\n<link rel=\"canonical\" href=\"https:\/\/www.fuzeau.com\/blog\/comment-integrer-la-musique-dans-les-projets-interdisciplinaires-en-primaire\/\" \/>\n<meta property=\"og:locale\" content=\"fr_FR\" \/>\n<meta property=\"og:type\" content=\"article\" \/>\n<meta property=\"og:title\" content=\"Comment int\u00e9grer la musique dans les projets interdisciplinaire en primaire ? - Fuzeau - blog\" \/>\n<meta property=\"og:description\" content=\"La musique, nous le pensons, doit occuper une place centrale dans l&rsquo;\u00e9ducation. Plus qu&rsquo;une mati\u00e8re artistique, elle peut (elle doit ?) agir en transversalit\u00e9 avec d&rsquo;autres disciplines et favoriser, ainsi, un apprentissage global et dynamique. Permettre, aussi, de renforcer la cr\u00e9ativit\u00e9 et la participation des jeunes \u00e9l\u00e8ves. Cet article vise \u00e0 explorer les multiples possibilit\u00e9s&hellip; Poursuivre la lecture Comment int\u00e9grer la musique dans les projets interdisciplinaire en primaire ?\" \/>\n<meta property=\"og:url\" content=\"https:\/\/www.fuzeau.com\/blog\/comment-integrer-la-musique-dans-les-projets-interdisciplinaires-en-primaire\/\" \/>\n<meta property=\"og:site_name\" content=\"Fuzeau - blog\" \/>\n<meta property=\"article:published_time\" content=\"2024-11-26T08:15:52+00:00\" \/>\n<meta property=\"article:modified_time\" content=\"2025-08-18T08:58:48+00:00\" \/>\n<meta property=\"og:image\" content=\"https:\/\/www.fuzeau.com\/blog\/wp-content\/uploads\/2024\/11\/COMMENT-INTEGRER-LA-MUSIQUE-DANS-LES-PROJETS-INTERDISCIPLINAIRE-EN-PRIMAIRE.png\" \/>\n\t<meta property=\"og:image:width\" content=\"500\" \/>\n\t<meta property=\"og:image:height\" content=\"500\" \/>\n\t<meta property=\"og:image:type\" content=\"image\/png\" \/>\n<meta name=\"author\" content=\"superadmin\" \/>\n<meta name=\"twitter:card\" content=\"summary_large_image\" \/>\n<meta name=\"twitter:label1\" content=\"\u00c9crit par\" \/>\n\t<meta name=\"twitter:data1\" content=\"superadmin\" \/>\n\t<meta name=\"twitter:label2\" content=\"Dur\u00e9e de lecture estim\u00e9e\" \/>\n\t<meta name=\"twitter:data2\" content=\"4 minutes\" \/>\n<script type=\"application\/ld+json\" class=\"yoast-schema-graph\">{\"@context\":\"https:\/\/schema.org\",\"@graph\":[{\"@type\":\"Article\",\"@id\":\"https:\/\/www.fuzeau.com\/blog\/comment-integrer-la-musique-dans-les-projets-interdisciplinaires-en-primaire\/#article\",\"isPartOf\":{\"@id\":\"https:\/\/www.fuzeau.com\/blog\/comment-integrer-la-musique-dans-les-projets-interdisciplinaires-en-primaire\/\"},\"author\":{\"name\":\"superadmin\",\"@id\":\"https:\/\/www.fuzeau.com\/blog\/#\/schema\/person\/7c0e77419f010bbd67f69c9c4b751992\"},\"headline\":\"Comment int\u00e9grer la musique dans les projets interdisciplinaire en primaire ?\",\"datePublished\":\"2024-11-26T08:15:52+00:00\",\"dateModified\":\"2025-08-18T08:58:48+00:00\",\"mainEntityOfPage\":{\"@id\":\"https:\/\/www.fuzeau.com\/blog\/comment-integrer-la-musique-dans-les-projets-interdisciplinaires-en-primaire\/\"},\"wordCount\":848,\"commentCount\":0,\"publisher\":{\"@id\":\"https:\/\/www.fuzeau.com\/blog\/#organization\"},\"image\":{\"@id\":\"https:\/\/www.fuzeau.com\/blog\/comment-integrer-la-musique-dans-les-projets-interdisciplinaires-en-primaire\/#primaryimage\"},\"thumbnailUrl\":\"https:\/\/www.fuzeau.com\/blog\/wp-content\/uploads\/2024\/11\/COMMENT-INTEGRER-LA-MUSIQUE-DANS-LES-PROJETS-INTERDISCIPLINAIRE-EN-PRIMAIRE.png\",\"keywords\":[\"\u00c9cole\",\"Interdisciplinarit\u00e9\",\"MUSIQUE\",\"Niveau 1\",\"P\u00e9dagogie\",\"Primaire\"],\"articleSection\":[\"\u00c9veil musical\"],\"inLanguage\":\"fr-FR\",\"potentialAction\":[{\"@type\":\"CommentAction\",\"name\":\"Comment\",\"target\":[\"https:\/\/www.fuzeau.com\/blog\/comment-integrer-la-musique-dans-les-projets-interdisciplinaires-en-primaire\/#respond\"]}]},{\"@type\":\"WebPage\",\"@id\":\"https:\/\/www.fuzeau.com\/blog\/comment-integrer-la-musique-dans-les-projets-interdisciplinaires-en-primaire\/\",\"url\":\"https:\/\/www.fuzeau.com\/blog\/comment-integrer-la-musique-dans-les-projets-interdisciplinaires-en-primaire\/\",\"name\":\"Comment int\u00e9grer la musique dans les projets interdisciplinaire en primaire ? - Fuzeau - blog\",\"isPartOf\":{\"@id\":\"https:\/\/www.fuzeau.com\/blog\/#website\"},\"primaryImageOfPage\":{\"@id\":\"https:\/\/www.fuzeau.com\/blog\/comment-integrer-la-musique-dans-les-projets-interdisciplinaires-en-primaire\/#primaryimage\"},\"image\":{\"@id\":\"https:\/\/www.fuzeau.com\/blog\/comment-integrer-la-musique-dans-les-projets-interdisciplinaires-en-primaire\/#primaryimage\"},\"thumbnailUrl\":\"https:\/\/www.fuzeau.com\/blog\/wp-content\/uploads\/2024\/11\/COMMENT-INTEGRER-LA-MUSIQUE-DANS-LES-PROJETS-INTERDISCIPLINAIRE-EN-PRIMAIRE.png\",\"datePublished\":\"2024-11-26T08:15:52+00:00\",\"dateModified\":\"2025-08-18T08:58:48+00:00\",\"breadcrumb\":{\"@id\":\"https:\/\/www.fuzeau.com\/blog\/comment-integrer-la-musique-dans-les-projets-interdisciplinaires-en-primaire\/#breadcrumb\"},\"inLanguage\":\"fr-FR\",\"potentialAction\":[{\"@type\":\"ReadAction\",\"target\":[\"https:\/\/www.fuzeau.com\/blog\/comment-integrer-la-musique-dans-les-projets-interdisciplinaires-en-primaire\/\"]}]},{\"@type\":\"ImageObject\",\"inLanguage\":\"fr-FR\",\"@id\":\"https:\/\/www.fuzeau.com\/blog\/comment-integrer-la-musique-dans-les-projets-interdisciplinaires-en-primaire\/#primaryimage\",\"url\":\"https:\/\/www.fuzeau.com\/blog\/wp-content\/uploads\/2024\/11\/COMMENT-INTEGRER-LA-MUSIQUE-DANS-LES-PROJETS-INTERDISCIPLINAIRE-EN-PRIMAIRE.png\",\"contentUrl\":\"https:\/\/www.fuzeau.com\/blog\/wp-content\/uploads\/2024\/11\/COMMENT-INTEGRER-LA-MUSIQUE-DANS-LES-PROJETS-INTERDISCIPLINAIRE-EN-PRIMAIRE.png\",\"width\":500,\"height\":500},{\"@type\":\"BreadcrumbList\",\"@id\":\"https:\/\/www.fuzeau.com\/blog\/comment-integrer-la-musique-dans-les-projets-interdisciplinaires-en-primaire\/#breadcrumb\",\"itemListElement\":[{\"@type\":\"ListItem\",\"position\":1,\"name\":\"Guide\",\"item\":\"https:\/\/www.fuzeau.com\/blog\/\"},{\"@type\":\"ListItem\",\"position\":2,\"name\":\"\u00c9veil musical\",\"item\":\"https:\/\/www.fuzeau.com\/blog\/category\/eveil-musical\/\"},{\"@type\":\"ListItem\",\"position\":3,\"name\":\"Comment int\u00e9grer la musique dans les projets interdisciplinaire en primaire ?\"}]},{\"@type\":\"WebSite\",\"@id\":\"https:\/\/www.fuzeau.com\/blog\/#website\",\"url\":\"https:\/\/www.fuzeau.com\/blog\/\",\"name\":\"Fuzeau - blog\",\"description\":\"Le blog de l&#039;\u00e9veil musical | Fuzeau\",\"publisher\":{\"@id\":\"https:\/\/www.fuzeau.com\/blog\/#organization\"},\"potentialAction\":[{\"@type\":\"SearchAction\",\"target\":{\"@type\":\"EntryPoint\",\"urlTemplate\":\"https:\/\/www.fuzeau.com\/blog\/?s={search_term_string}\"},\"query-input\":{\"@type\":\"PropertyValueSpecification\",\"valueRequired\":true,\"valueName\":\"search_term_string\"}}],\"inLanguage\":\"fr-FR\"},{\"@type\":\"Organization\",\"@id\":\"https:\/\/www.fuzeau.com\/blog\/#organization\",\"name\":\"Fuzeau - blog\",\"url\":\"https:\/\/www.fuzeau.com\/blog\/\",\"logo\":{\"@type\":\"ImageObject\",\"inLanguage\":\"fr-FR\",\"@id\":\"https:\/\/www.fuzeau.com\/blog\/#\/schema\/logo\/image\/\",\"url\":\"https:\/\/www.fuzeau.com\/blog\/wp-content\/uploads\/2023\/10\/logo-fuzeau.png\",\"contentUrl\":\"https:\/\/www.fuzeau.com\/blog\/wp-content\/uploads\/2023\/10\/logo-fuzeau.png\",\"width\":300,\"height\":123,\"caption\":\"Fuzeau - blog\"},\"image\":{\"@id\":\"https:\/\/www.fuzeau.com\/blog\/#\/schema\/logo\/image\/\"}},{\"@type\":\"Person\",\"@id\":\"https:\/\/www.fuzeau.com\/blog\/#\/schema\/person\/7c0e77419f010bbd67f69c9c4b751992\",\"name\":\"superadmin\",\"image\":{\"@type\":\"ImageObject\",\"inLanguage\":\"fr-FR\",\"@id\":\"https:\/\/www.fuzeau.com\/blog\/#\/schema\/person\/image\/\",\"url\":\"https:\/\/secure.gravatar.com\/avatar\/48d8823e7de72996ed89e22a7cbe18c6?s=96&d=mm&r=g\",\"contentUrl\":\"https:\/\/secure.gravatar.com\/avatar\/48d8823e7de72996ed89e22a7cbe18c6?s=96&d=mm&r=g\",\"caption\":\"superadmin\"},\"sameAs\":[\"https:\/\/blog.fuzeau.com\"],\"url\":\"https:\/\/www.fuzeau.com\/blog\/author\/superadmin\/\"}]}<\/script>\n<!-- \/ Yoast SEO plugin. -->","yoast_head_json":{"title":"Comment int\u00e9grer la musique dans les projets interdisciplinaire en primaire ? - Fuzeau - blog","robots":{"index":"index","follow":"follow","max-snippet":"max-snippet:-1","max-image-preview":"max-image-preview:large","max-video-preview":"max-video-preview:-1"},"canonical":"https:\/\/www.fuzeau.com\/blog\/comment-integrer-la-musique-dans-les-projets-interdisciplinaires-en-primaire\/","og_locale":"fr_FR","og_type":"article","og_title":"Comment int\u00e9grer la musique dans les projets interdisciplinaire en primaire ? - Fuzeau - blog","og_description":"La musique, nous le pensons, doit occuper une place centrale dans l&rsquo;\u00e9ducation. Plus qu&rsquo;une mati\u00e8re artistique, elle peut (elle doit ?) agir en transversalit\u00e9 avec d&rsquo;autres disciplines et favoriser, ainsi, un apprentissage global et dynamique. Permettre, aussi, de renforcer la cr\u00e9ativit\u00e9 et la participation des jeunes \u00e9l\u00e8ves. Cet article vise \u00e0 explorer les multiples possibilit\u00e9s&hellip; Poursuivre la lecture Comment int\u00e9grer la musique dans les projets interdisciplinaire en primaire ?","og_url":"https:\/\/www.fuzeau.com\/blog\/comment-integrer-la-musique-dans-les-projets-interdisciplinaires-en-primaire\/","og_site_name":"Fuzeau - blog","article_published_time":"2024-11-26T08:15:52+00:00","article_modified_time":"2025-08-18T08:58:48+00:00","og_image":[{"width":500,"height":500,"url":"https:\/\/www.fuzeau.com\/blog\/wp-content\/uploads\/2024\/11\/COMMENT-INTEGRER-LA-MUSIQUE-DANS-LES-PROJETS-INTERDISCIPLINAIRE-EN-PRIMAIRE.png","type":"image\/png"}],"author":"superadmin","twitter_card":"summary_large_image","twitter_misc":{"\u00c9crit par":"superadmin","Dur\u00e9e de lecture estim\u00e9e":"4 minutes"},"schema":{"@context":"https:\/\/schema.org","@graph":[{"@type":"Article","@id":"https:\/\/www.fuzeau.com\/blog\/comment-integrer-la-musique-dans-les-projets-interdisciplinaires-en-primaire\/#article","isPartOf":{"@id":"https:\/\/www.fuzeau.com\/blog\/comment-integrer-la-musique-dans-les-projets-interdisciplinaires-en-primaire\/"},"author":{"name":"superadmin","@id":"https:\/\/www.fuzeau.com\/blog\/#\/schema\/person\/7c0e77419f010bbd67f69c9c4b751992"},"headline":"Comment int\u00e9grer la musique dans les projets interdisciplinaire en primaire ?","datePublished":"2024-11-26T08:15:52+00:00","dateModified":"2025-08-18T08:58:48+00:00","mainEntityOfPage":{"@id":"https:\/\/www.fuzeau.com\/blog\/comment-integrer-la-musique-dans-les-projets-interdisciplinaires-en-primaire\/"},"wordCount":848,"commentCount":0,"publisher":{"@id":"https:\/\/www.fuzeau.com\/blog\/#organization"},"image":{"@id":"https:\/\/www.fuzeau.com\/blog\/comment-integrer-la-musique-dans-les-projets-interdisciplinaires-en-primaire\/#primaryimage"},"thumbnailUrl":"https:\/\/www.fuzeau.com\/blog\/wp-content\/uploads\/2024\/11\/COMMENT-INTEGRER-LA-MUSIQUE-DANS-LES-PROJETS-INTERDISCIPLINAIRE-EN-PRIMAIRE.png","keywords":["\u00c9cole","Interdisciplinarit\u00e9","MUSIQUE","Niveau 1","P\u00e9dagogie","Primaire"],"articleSection":["\u00c9veil musical"],"inLanguage":"fr-FR","potentialAction":[{"@type":"CommentAction","name":"Comment","target":["https:\/\/www.fuzeau.com\/blog\/comment-integrer-la-musique-dans-les-projets-interdisciplinaires-en-primaire\/#respond"]}]},{"@type":"WebPage","@id":"https:\/\/www.fuzeau.com\/blog\/comment-integrer-la-musique-dans-les-projets-interdisciplinaires-en-primaire\/","url":"https:\/\/www.fuzeau.com\/blog\/comment-integrer-la-musique-dans-les-projets-interdisciplinaires-en-primaire\/","name":"Comment int\u00e9grer la musique dans les projets interdisciplinaire en primaire ? - Fuzeau - blog","isPartOf":{"@id":"https:\/\/www.fuzeau.com\/blog\/#website"},"primaryImageOfPage":{"@id":"https:\/\/www.fuzeau.com\/blog\/comment-integrer-la-musique-dans-les-projets-interdisciplinaires-en-primaire\/#primaryimage"},"image":{"@id":"https:\/\/www.fuzeau.com\/blog\/comment-integrer-la-musique-dans-les-projets-interdisciplinaires-en-primaire\/#primaryimage"},"thumbnailUrl":"https:\/\/www.fuzeau.com\/blog\/wp-content\/uploads\/2024\/11\/COMMENT-INTEGRER-LA-MUSIQUE-DANS-LES-PROJETS-INTERDISCIPLINAIRE-EN-PRIMAIRE.png","datePublished":"2024-11-26T08:15:52+00:00","dateModified":"2025-08-18T08:58:48+00:00","breadcrumb":{"@id":"https:\/\/www.fuzeau.com\/blog\/comment-integrer-la-musique-dans-les-projets-interdisciplinaires-en-primaire\/#breadcrumb"},"inLanguage":"fr-FR","potentialAction":[{"@type":"ReadAction","target":["https:\/\/www.fuzeau.com\/blog\/comment-integrer-la-musique-dans-les-projets-interdisciplinaires-en-primaire\/"]}]},{"@type":"ImageObject","inLanguage":"fr-FR","@id":"https:\/\/www.fuzeau.com\/blog\/comment-integrer-la-musique-dans-les-projets-interdisciplinaires-en-primaire\/#primaryimage","url":"https:\/\/www.fuzeau.com\/blog\/wp-content\/uploads\/2024\/11\/COMMENT-INTEGRER-LA-MUSIQUE-DANS-LES-PROJETS-INTERDISCIPLINAIRE-EN-PRIMAIRE.png","contentUrl":"https:\/\/www.fuzeau.com\/blog\/wp-content\/uploads\/2024\/11\/COMMENT-INTEGRER-LA-MUSIQUE-DANS-LES-PROJETS-INTERDISCIPLINAIRE-EN-PRIMAIRE.png","width":500,"height":500},{"@type":"BreadcrumbList","@id":"https:\/\/www.fuzeau.com\/blog\/comment-integrer-la-musique-dans-les-projets-interdisciplinaires-en-primaire\/#breadcrumb","itemListElement":[{"@type":"ListItem","position":1,"name":"Guide","item":"https:\/\/www.fuzeau.com\/blog\/"},{"@type":"ListItem","position":2,"name":"\u00c9veil musical","item":"https:\/\/www.fuzeau.com\/blog\/category\/eveil-musical\/"},{"@type":"ListItem","position":3,"name":"Comment int\u00e9grer la musique dans les projets interdisciplinaire en primaire ?"}]},{"@type":"WebSite","@id":"https:\/\/www.fuzeau.com\/blog\/#website","url":"https:\/\/www.fuzeau.com\/blog\/","name":"Fuzeau - blog","description":"Le blog de l&#039;\u00e9veil musical | Fuzeau","publisher":{"@id":"https:\/\/www.fuzeau.com\/blog\/#organization"},"potentialAction":[{"@type":"SearchAction","target":{"@type":"EntryPoint","urlTemplate":"https:\/\/www.fuzeau.com\/blog\/?s={search_term_string}"},"query-input":{"@type":"PropertyValueSpecification","valueRequired":true,"valueName":"search_term_string"}}],"inLanguage":"fr-FR"},{"@type":"Organization","@id":"https:\/\/www.fuzeau.com\/blog\/#organization","name":"Fuzeau - blog","url":"https:\/\/www.fuzeau.com\/blog\/","logo":{"@type":"ImageObject","inLanguage":"fr-FR","@id":"https:\/\/www.fuzeau.com\/blog\/#\/schema\/logo\/image\/","url":"https:\/\/www.fuzeau.com\/blog\/wp-content\/uploads\/2023\/10\/logo-fuzeau.png","contentUrl":"https:\/\/www.fuzeau.com\/blog\/wp-content\/uploads\/2023\/10\/logo-fuzeau.png","width":300,"height":123,"caption":"Fuzeau - blog"},"image":{"@id":"https:\/\/www.fuzeau.com\/blog\/#\/schema\/logo\/image\/"}},{"@type":"Person","@id":"https:\/\/www.fuzeau.com\/blog\/#\/schema\/person\/7c0e77419f010bbd67f69c9c4b751992","name":"superadmin","image":{"@type":"ImageObject","inLanguage":"fr-FR","@id":"https:\/\/www.fuzeau.com\/blog\/#\/schema\/person\/image\/","url":"https:\/\/secure.gravatar.com\/avatar\/48d8823e7de72996ed89e22a7cbe18c6?s=96&d=mm&r=g","contentUrl":"https:\/\/secure.gravatar.com\/avatar\/48d8823e7de72996ed89e22a7cbe18c6?s=96&d=mm&r=g","caption":"superadmin"},"sameAs":["https:\/\/blog.fuzeau.com"],"url":"https:\/\/www.fuzeau.com\/blog\/author\/superadmin\/"}]}},"_links":{"self":[{"href":"https:\/\/www.fuzeau.com\/blog\/wp-json\/wp\/v2\/posts\/1018","targetHints":{"allow":["GET"]}}],"collection":[{"href":"https:\/\/www.fuzeau.com\/blog\/wp-json\/wp\/v2\/posts"}],"about":[{"href":"https:\/\/www.fuzeau.com\/blog\/wp-json\/wp\/v2\/types\/post"}],"author":[{"embeddable":true,"href":"https:\/\/www.fuzeau.com\/blog\/wp-json\/wp\/v2\/users\/1"}],"replies":[{"embeddable":true,"href":"https:\/\/www.fuzeau.com\/blog\/wp-json\/wp\/v2\/comments?post=1018"}],"version-history":[{"count":10,"href":"https:\/\/www.fuzeau.com\/blog\/wp-json\/wp\/v2\/posts\/1018\/revisions"}],"predecessor-version":[{"id":2150,"href":"https:\/\/www.fuzeau.com\/blog\/wp-json\/wp\/v2\/posts\/1018\/revisions\/2150"}],"wp:featuredmedia":[{"embeddable":true,"href":"https:\/\/www.fuzeau.com\/blog\/wp-json\/wp\/v2\/media\/1020"}],"wp:attachment":[{"href":"https:\/\/www.fuzeau.com\/blog\/wp-json\/wp\/v2\/media?parent=1018"}],"wp:term":[{"taxonomy":"category","embeddable":true,"href":"https:\/\/www.fuzeau.com\/blog\/wp-json\/wp\/v2\/categories?post=1018"},{"taxonomy":"post_tag","embeddable":true,"href":"https:\/\/www.fuzeau.com\/blog\/wp-json\/wp\/v2\/tags?post=1018"}],"curies":[{"name":"wp","href":"https:\/\/api.w.org\/{rel}","templated":true}]}}